{"id":1351,"date":"2016-05-20T12:54:21","date_gmt":"2016-05-20T10:54:21","guid":{"rendered":"http:\/\/harry-fotos.de\/landscapeandothers\/?p=1351"},"modified":"2016-05-22T19:13:18","modified_gmt":"2016-05-22T17:13:18","slug":"frankfurt-am-abend-15-05-2016","status":"publish","type":"post","link":"http:\/\/harry-fotos.de\/landscapeandothers\/2016\/05\/20\/frankfurt-am-abend-15-05-2016\/","title":{"rendered":"Frankfurt am Abend <br \/><small>15.05.2016<\/small>"},"content":{"rendered":"<h4>Langzeitbelichtungen der Skyline von Frankfurt am Main mussten einfach sein&#8230;<\/h4>\n<h6>Leider bew\u00f6lkt&#8230;<\/h6>\n<p \/>\n<div class=\"tiled-gallery type-rectangular tiled-gallery-unresized\" data-original-width=\"953\" data-carousel-extra='null' itemscope itemtype=\"http:\/\/schema.org\/ImageGallery\" > <div class=\"gallery-row\" style=\"width: 953px; height: 274px;\" data-original-width=\"953\" data-original-height=\"274\" > <div class=\"gallery-group images-1\" style=\"width: 409px; height: 274px;\" data-original-width=\"409\" data-original-height=\"274\" > <div class=\"tiled-gallery-item tiled-gallery-item-large\" itemprop=\"associatedMedia\" itemscope itemtype=\"http:\/\/schema.org\/ImageObject\"> <a href=\"https:\/\/i2.wp.com\/harry-fotos.de\/landscapeandothers\/wp-content\/uploads\/2016\/05\/DSCF2630.jpg\" border=\"0\" itemprop=\"url\" rel=\"lightbox[1351]\"> <meta itemprop=\"width\" content=\"405\"> <meta itemprop=\"height\" content=\"270\"> <img data-attachment-id=\"1352\" data-orig-file=\"http:\/\/harry-fotos.de\/landscapeandothers\/wp-content\/uploads\/2016\/05\/DSCF2630.jpg\" data-orig-size=\"1600,1066\" data-comments-opened=\"1\" data-image-meta=\"{&quot;aperture&quot;:&quot;9&quot;,&quot;credit&quot;:&quot;&quot;,&quot;camera&quot;:&quot;X-E2&quot;,&quot;caption&quot;:&quot;&quot;,&quot;created_timestamp&quot;:&quot;1463348359&quot;,&quot;copyright&quot;:&quot;&quot;,&quot;focal_length&quot;:&quot;41.8&quot;,&quot;iso&quot;:&quot;200&quot;,&quot;shutter_speed&quot;:&quot;8&quot;,&quot;title&quot;:&quot;&quot;,&quot;orientation&quot;:&quot;1&quot;}\" data-image-title=\"DSCF2630\" data-image-description=\"\" data-medium-file=\"https:\/\/i2.wp.com\/harry-fotos.de\/landscapeandothers\/wp-content\/uploads\/2016\/05\/DSCF2630.jpg?fit=300%2C200\" data-large-file=\"https:\/\/i2.wp.com\/harry-fotos.de\/landscapeandothers\/wp-content\/uploads\/2016\/05\/DSCF2630.jpg?fit=953%2C635\" src=\"https:\/\/i2.wp.com\/harry-fotos.de\/landscapeandothers\/wp-content\/uploads\/2016\/05\/DSCF2630.jpg?w=405&#038;h=270\" width=\"405\" height=\"270\" data-original-width=\"405\" data-original-height=\"270\" itemprop=\"http:\/\/schema.org\/image\" title=\"DSCF2630\" alt=\"DSCF2630\" style=\"width: 405px; height: 270px;\" \/> <\/a> <\/div> <\/div> <!-- close group --> <div class=\"gallery-group images-1\" style=\"width: 544px; height: 274px;\" data-original-width=\"544\" data-original-height=\"274\" > <div class=\"tiled-gallery-item tiled-gallery-item-large\" itemprop=\"associatedMedia\" itemscope itemtype=\"http:\/\/schema.org\/ImageObject\"> <a href=\"https:\/\/i0.wp.com\/harry-fotos.de\/landscapeandothers\/wp-content\/uploads\/2016\/05\/DSCF2641.jpg\" border=\"0\" itemprop=\"url\" rel=\"lightbox[1351]\"> <meta itemprop=\"width\" content=\"540\"> <meta itemprop=\"height\" content=\"270\"> <img data-attachment-id=\"1353\" data-orig-file=\"http:\/\/harry-fotos.de\/landscapeandothers\/wp-content\/uploads\/2016\/05\/DSCF2641.jpg\" data-orig-size=\"1600,800\" data-comments-opened=\"1\" data-image-meta=\"{&quot;aperture&quot;:&quot;9&quot;,&quot;credit&quot;:&quot;&quot;,&quot;camera&quot;:&quot;X-E2&quot;,&quot;caption&quot;:&quot;&quot;,&quot;created_timestamp&quot;:&quot;1463348705&quot;,&quot;copyright&quot;:&quot;&quot;,&quot;focal_length&quot;:&quot;22.2&quot;,&quot;iso&quot;:&quot;200&quot;,&quot;shutter_speed&quot;:&quot;9&quot;,&quot;title&quot;:&quot;&quot;,&quot;orientation&quot;:&quot;1&quot;}\" data-image-title=\"DSCF2641\" data-image-description=\"\" data-medium-file=\"https:\/\/i0.wp.com\/harry-fotos.de\/landscapeandothers\/wp-content\/uploads\/2016\/05\/DSCF2641.jpg?fit=300%2C150\" data-large-file=\"https:\/\/i0.wp.com\/harry-fotos.de\/landscapeandothers\/wp-content\/uploads\/2016\/05\/DSCF2641.jpg?fit=953%2C477\" src=\"https:\/\/i0.wp.com\/harry-fotos.de\/landscapeandothers\/wp-content\/uploads\/2016\/05\/DSCF2641.jpg?w=540&#038;h=270\" width=\"540\" height=\"270\" data-original-width=\"540\" data-original-height=\"270\" itemprop=\"http:\/\/schema.org\/image\" title=\"DSCF2641\" alt=\"DSCF2641\" style=\"width: 540px; height: 270px;\" \/> <\/a> <\/div> <\/div> <!-- close group --> <\/div> <!-- close row --> <div class=\"gallery-row\" style=\"width: 953px; height: 479px;\" data-original-width=\"953\" data-original-height=\"479\" > <div class=\"gallery-group images-1\" style=\"width: 953px; height: 479px;\" data-original-width=\"953\" data-original-height=\"479\" > <div class=\"tiled-gallery-item tiled-gallery-item-large\" itemprop=\"associatedMedia\" itemscope itemtype=\"http:\/\/schema.org\/ImageObject\"> <a href=\"https:\/\/i2.wp.com\/harry-fotos.de\/landscapeandothers\/wp-content\/uploads\/2016\/05\/DSCF2701.jpg\" border=\"0\" itemprop=\"url\" rel=\"lightbox[1351]\"> <meta itemprop=\"width\" content=\"949\"> <meta itemprop=\"height\" content=\"475\"> <img data-attachment-id=\"1354\" data-orig-file=\"http:\/\/harry-fotos.de\/landscapeandothers\/wp-content\/uploads\/2016\/05\/DSCF2701.jpg\" data-orig-size=\"1600,800\" data-comments-opened=\"1\" data-image-meta=\"{&quot;aperture&quot;:&quot;9&quot;,&quot;credit&quot;:&quot;&quot;,&quot;camera&quot;:&quot;X-E2&quot;,&quot;caption&quot;:&quot;&quot;,&quot;created_timestamp&quot;:&quot;1463352011&quot;,&quot;copyright&quot;:&quot;&quot;,&quot;focal_length&quot;:&quot;28.2&quot;,&quot;iso&quot;:&quot;200&quot;,&quot;shutter_speed&quot;:&quot;30&quot;,&quot;title&quot;:&quot;&quot;,&quot;orientation&quot;:&quot;1&quot;}\" data-image-title=\"DSCF2701\" data-image-description=\"\" data-medium-file=\"https:\/\/i2.wp.com\/harry-fotos.de\/landscapeandothers\/wp-content\/uploads\/2016\/05\/DSCF2701.jpg?fit=300%2C150\" data-large-file=\"https:\/\/i2.wp.com\/harry-fotos.de\/landscapeandothers\/wp-content\/uploads\/2016\/05\/DSCF2701.jpg?fit=953%2C477\" src=\"https:\/\/i2.wp.com\/harry-fotos.de\/landscapeandothers\/wp-content\/uploads\/2016\/05\/DSCF2701.jpg?w=949&#038;h=475\" width=\"949\" height=\"475\" data-original-width=\"949\" data-original-height=\"475\" itemprop=\"http:\/\/schema.org\/image\" title=\"DSCF2701\" alt=\"DSCF2701\" style=\"width: 949px; height: 475px;\" \/> <\/a> <\/div> <\/div> <!-- close group --> <\/div> <!-- close row --> <\/div><\/p>\n","protected":false},"excerpt":{"rendered":"<p>Langzeitbelichtungen der Skyline von Frankfurt am Main mussten einfach sein&#8230; Leider bew\u00f6lkt&#8230;<\/p>\n","protected":false},"author":1,"featured_media":1353,"comment_status":"open","ping_status":"open","sticky":false,"template":"","format":"standard","meta":{"spay_email":"","jetpack_publicize_message":"","jetpack_is_tweetstorm":false,"jetpack_publicize_feature_enabled":true},"categories":[2,8],"tags":[16,211,214,33,216,212,215,57,213],"jetpack_featured_media_url":"https:\/\/i0.wp.com\/harry-fotos.de\/landscapeandothers\/wp-content\/uploads\/2016\/05\/DSCF2641.jpg?fit=1600%2C800","jetpack_publicize_connections":[],"jetpack_sharing_enabled":true,"jetpack_shortlink":"https:\/\/wp.me\/p7oXcq-lN","jetpack-related-posts":[{"id":1436,"url":"http:\/\/harry-fotos.de\/landscapeandothers\/2016\/05\/19\/frankfurt-am-main-15-05-2016\/","url_meta":{"origin":1351,"position":0},"title":"Frankfurt am Main 15.05.2016","date":"19. Mai 2016","format":false,"excerpt":"An einem Nachmittag die Stadt zu Fu\u00df erkunden. Eine Schiffrundfahrt auf dem Main war auch mit dabei... Bei leicht bew\u00f6lktem Himmel machte ich mich auf den Weg. Mal sehen, was man so \"findet\". Erst mal viele Baustellen. Dann aber auch sch\u00f6ne Flecken. Zum Beispiel der R\u00f6mer am Dom (Der eigentlich\u2026","rel":"","context":"In &quot;Architektur&quot;","img":{"alt_text":"","src":"https:\/\/i0.wp.com\/harry-fotos.de\/landscapeandothers\/wp-content\/uploads\/2016\/05\/DSCF2518.jpg?fit=1200%2C800&resize=350%2C200","width":350,"height":200},"classes":[]},{"id":13,"url":"http:\/\/harry-fotos.de\/landscapeandothers\/2016\/04\/03\/flamingos-am-chiemsee-seebruck-04-01-2016\/","url_meta":{"origin":1351,"position":1},"title":"Flamingos am Chiemsee (Seebruck) 04.01.2016","date":"3. April 2016","format":false,"excerpt":"","rel":"","context":"In &quot;Tiere&quot;","img":{"alt_text":"","src":"https:\/\/i2.wp.com\/harry-fotos.de\/landscapeandothers\/wp-content\/uploads\/2016\/04\/DSCF3171-e-1-1.jpg?fit=1200%2C800&resize=350%2C200","width":350,"height":200},"classes":[]},{"id":1882,"url":"http:\/\/harry-fotos.de\/landscapeandothers\/2017\/01\/15\/wildpark-poing-14-01-2017\/","url_meta":{"origin":1351,"position":2},"title":"Wildpark Poing 14.01.2017","date":"15. Januar 2017","format":false,"excerpt":"Anfangs war's ziemlich bew\u00f6lkt, aber am Nachmittag kam sogar mal die Sonne raus. Die Tiere waren sch\u00f6n aktiv und haben sich nicht st\u00e4ndig irgendwo versteckt. \u00a0","rel":"","context":"In &quot;Tiere&quot;","img":{"alt_text":"","src":"https:\/\/i2.wp.com\/harry-fotos.de\/landscapeandothers\/wp-content\/uploads\/2017\/01\/DSC_5335-e.jpg?fit=1200%2C799&resize=350%2C200","width":350,"height":200},"classes":[]},{"id":715,"url":"http:\/\/harry-fotos.de\/landscapeandothers\/2016\/04\/23\/madeira-tag-7-ponta-de-sao-lourenco-und-oestliche-nordkueste-15-04-2016\/","url_meta":{"origin":1351,"position":3},"title":"Madeira Tag 7 Ponta de Sao Lourenco und \u00f6stliche Nordk\u00fcste 15.04.2016","date":"23. April 2016","format":false,"excerpt":"Ponta de Sao Lourenco, Porto da Cruz, Santana, Sao Jorge, Ponta Delgado Der Tag fing so sch\u00f6n an. Zwar bew\u00f6lkt aber immer wieder Sonnenschein, doch dann kam Abwechslung im Minutentakt... Eigentlich wollte ich an dem Tag dem Regen in den Bergen entgehen und dachte ich mach die Wanderung auf Ponta\u2026","rel":"","context":"In &quot;Aussicht&quot;","img":{"alt_text":"","src":"https:\/\/i2.wp.com\/harry-fotos.de\/landscapeandothers\/wp-content\/uploads\/2016\/04\/DSCF8454_stitch-1600.jpg?fit=1200%2C284&resize=350%2C200","width":350,"height":200},"classes":[]},{"id":494,"url":"http:\/\/harry-fotos.de\/landscapeandothers\/2016\/04\/22\/madeira-tag-3-balkon-von-ribeiro-frio-und-nordkueste-12-04-2016\/","url_meta":{"origin":1351,"position":4},"title":"Madeira Tag 4 &#8222;Balkon&#8220; von Ribeiro Frio und Nordk\u00fcste 12.04.2016","date":"22. April 2016","format":false,"excerpt":"Spaziergang zum \"Balkon\" von Ribeiro Frio Leichter Spaziergang ohne Steigungen und breitem Weg! (ca. 1,0 Std.) An dem \"Balkon\" angekommen, hat man bei sch\u00f6nem Wetter einen guten Blick auf die drei h\u00f6chsten Gipfel der Insel (Pico Ariero 1818m, Pico das Torres 1851m und Pico Ruivo 1862m). Leider kann hier das\u2026","rel":"","context":"In &quot;Aussicht&quot;","img":{"alt_text":"","src":"https:\/\/i1.wp.com\/harry-fotos.de\/landscapeandothers\/wp-content\/uploads\/2016\/04\/DSCF6574.jpg?fit=1200%2C800&resize=350%2C200","width":350,"height":200},"classes":[]},{"id":1728,"url":"http:\/\/harry-fotos.de\/landscapeandothers\/2016\/09\/25\/koeln-bei-sonnenuntergang\/","url_meta":{"origin":1351,"position":5},"title":"K\u00f6ln bei Sonnenuntergang 24.09.2016","date":"25. September 2016","format":false,"excerpt":"Sonnenuntergangsimpressionen aus K\u00f6ln Nachdem ich den ganzen Tag auf der Photokina war... ... dachte ich mir, ich geh nicht gleich ins Hotel sondern folge dem gro\u00dfen schwarm, der ans Rhein-Ufer str\u00f6mt um ein paar Schnappsch\u00fcsse zu machen. Bevor ich aber an den Rhein ging fuhr ich erst mal mit dem\u2026","rel":"","context":"In &quot;Sehensw\u00fcrdigkeiten&quot;","img":{"alt_text":"","src":"https:\/\/i1.wp.com\/harry-fotos.de\/landscapeandothers\/wp-content\/uploads\/2016\/09\/DSCF5654-e.jpg?fit=1200%2C600&resize=350%2C200","width":350,"height":200},"classes":[]}],"jetpack_likes_enabled":true,"_links":{"self":[{"href":"http:\/\/harry-fotos.de\/landscapeandothers\/wp-json\/wp\/v2\/posts\/1351"}],"collection":[{"href":"http:\/\/harry-fotos.de\/landscapeandothers\/wp-json\/wp\/v2\/posts"}],"about":[{"href":"http:\/\/harry-fotos.de\/landscapeandothers\/wp-json\/wp\/v2\/types\/post"}],"author":[{"embeddable":true,"href":"http:\/\/harry-fotos.de\/landscapeandothers\/wp-json\/wp\/v2\/users\/1"}],"replies":[{"embeddable":true,"href":"http:\/\/harry-fotos.de\/landscapeandothers\/wp-json\/wp\/v2\/comments?post=1351"}],"version-history":[{"count":6,"href":"http:\/\/harry-fotos.de\/landscapeandothers\/wp-json\/wp\/v2\/posts\/1351\/revisions"}],"predecessor-version":[{"id":1523,"href":"http:\/\/harry-fotos.de\/landscapeandothers\/wp-json\/wp\/v2\/posts\/1351\/revisions\/1523"}],"wp:featuredmedia":[{"embeddable":true,"href":"http:\/\/harry-fotos.de\/landscapeandothers\/wp-json\/wp\/v2\/media\/1353"}],"wp:attachment":[{"href":"http:\/\/harry-fotos.de\/landscapeandothers\/wp-json\/wp\/v2\/media?parent=1351"}],"wp:term":[{"taxonomy":"category","embeddable":true,"href":"http:\/\/harry-fotos.de\/landscapeandothers\/wp-json\/wp\/v2\/categories?post=1351"},{"taxonomy":"post_tag","embeddable":true,"href":"http:\/\/harry-fotos.de\/landscapeandothers\/wp-json\/wp\/v2\/tags?post=1351"}],"curies":[{"name":"wp","href":"https:\/\/api.w.org\/{rel}","templated":true}]}}