{"id":1669,"date":"2016-07-09T10:42:19","date_gmt":"2016-07-09T08:42:19","guid":{"rendered":"http:\/\/harry-fotos.de\/landscapeandothers\/?p=1669"},"modified":"2016-07-09T10:42:19","modified_gmt":"2016-07-09T08:42:19","slug":"auf-dem-olympiaturm-in-muenchen-24-04-2016","status":"publish","type":"post","link":"http:\/\/harry-fotos.de\/landscapeandothers\/2016\/07\/09\/auf-dem-olympiaturm-in-muenchen-24-04-2016\/","title":{"rendered":"Auf dem Olympiaturm in M\u00fcnchen <br \/><small>24.04.2016 <\/small>"},"content":{"rendered":"<p><H4>Abends mal &#8222;kurz&#8220; den Olympiaturm in M\u00fcnchen hochgefahren und bissi geknippst&#8230;<\/h4>\n<p \/>\n<div class=\"tiled-gallery type-rectangular tiled-gallery-unresized\" data-original-width=\"953\" data-carousel-extra='null' itemscope itemtype=\"http:\/\/schema.org\/ImageGallery\" > <div class=\"gallery-row\" style=\"width: 953px; height: 138px;\" data-original-width=\"953\" data-original-height=\"138\" > <div class=\"gallery-group images-1\" style=\"width: 205px; height: 138px;\" data-original-width=\"205\" data-original-height=\"138\" > <div class=\"tiled-gallery-item tiled-gallery-item-small\" itemprop=\"associatedMedia\" itemscope itemtype=\"http:\/\/schema.org\/ImageObject\"> <a href=\"https:\/\/i1.wp.com\/harry-fotos.de\/landscapeandothers\/wp-content\/uploads\/2016\/07\/DSCF4199-e.jpg\" border=\"0\" itemprop=\"url\" rel=\"lightbox[1669]\"> <meta itemprop=\"width\" content=\"201\"> <meta itemprop=\"height\" content=\"134\"> <img data-attachment-id=\"1670\" data-orig-file=\"http:\/\/harry-fotos.de\/landscapeandothers\/wp-content\/uploads\/2016\/07\/DSCF4199-e.jpg\" data-orig-size=\"1600,1067\" data-comments-opened=\"1\" data-image-meta=\"{&quot;aperture&quot;:&quot;8&quot;,&quot;credit&quot;:&quot;&quot;,&quot;camera&quot;:&quot;X-E2&quot;,&quot;caption&quot;:&quot;&quot;,&quot;created_timestamp&quot;:&quot;1466799271&quot;,&quot;copyright&quot;:&quot;&quot;,&quot;focal_length&quot;:&quot;35.5&quot;,&quot;iso&quot;:&quot;200&quot;,&quot;shutter_speed&quot;:&quot;0.00909090909091&quot;,&quot;title&quot;:&quot;&quot;,&quot;orientation&quot;:&quot;1&quot;}\" data-image-title=\"DSCF4199-e\" data-image-description=\"\" data-medium-file=\"https:\/\/i1.wp.com\/harry-fotos.de\/landscapeandothers\/wp-content\/uploads\/2016\/07\/DSCF4199-e.jpg?fit=300%2C200\" data-large-file=\"https:\/\/i1.wp.com\/harry-fotos.de\/landscapeandothers\/wp-content\/uploads\/2016\/07\/DSCF4199-e.jpg?fit=953%2C636\" src=\"https:\/\/i1.wp.com\/harry-fotos.de\/landscapeandothers\/wp-content\/uploads\/2016\/07\/DSCF4199-e.jpg?w=201&#038;h=134\" width=\"201\" height=\"134\" data-original-width=\"201\" data-original-height=\"134\" itemprop=\"http:\/\/schema.org\/image\" title=\"DSCF4199-e\" alt=\"DSCF4199-e\" style=\"width: 201px; height: 134px;\" \/> <\/a> <\/div> <\/div> <!-- close group --> <div class=\"gallery-group images-1\" style=\"width: 272px; height: 138px;\" data-original-width=\"272\" data-original-height=\"138\" > <div class=\"tiled-gallery-item tiled-gallery-item-large\" itemprop=\"associatedMedia\" itemscope itemtype=\"http:\/\/schema.org\/ImageObject\"> <a href=\"https:\/\/i2.wp.com\/harry-fotos.de\/landscapeandothers\/wp-content\/uploads\/2016\/07\/DSCF4251-e.jpg\" border=\"0\" itemprop=\"url\" rel=\"lightbox[1669]\"> <meta itemprop=\"width\" content=\"268\"> <meta itemprop=\"height\" content=\"134\"> <img data-attachment-id=\"1671\" data-orig-file=\"http:\/\/harry-fotos.de\/landscapeandothers\/wp-content\/uploads\/2016\/07\/DSCF4251-e.jpg\" data-orig-size=\"1600,800\" data-comments-opened=\"1\" data-image-meta=\"{&quot;aperture&quot;:&quot;8&quot;,&quot;credit&quot;:&quot;&quot;,&quot;camera&quot;:&quot;X-E2&quot;,&quot;caption&quot;:&quot;&quot;,&quot;created_timestamp&quot;:&quot;1466801691&quot;,&quot;copyright&quot;:&quot;&quot;,&quot;focal_length&quot;:&quot;50&quot;,&quot;iso&quot;:&quot;200&quot;,&quot;shutter_speed&quot;:&quot;0.0015625&quot;,&quot;title&quot;:&quot;&quot;,&quot;orientation&quot;:&quot;1&quot;}\" data-image-title=\"DSCF4251-e\" data-image-description=\"\" data-medium-file=\"https:\/\/i2.wp.com\/harry-fotos.de\/landscapeandothers\/wp-content\/uploads\/2016\/07\/DSCF4251-e.jpg?fit=300%2C150\" data-large-file=\"https:\/\/i2.wp.com\/harry-fotos.de\/landscapeandothers\/wp-content\/uploads\/2016\/07\/DSCF4251-e.jpg?fit=953%2C477\" src=\"https:\/\/i2.wp.com\/harry-fotos.de\/landscapeandothers\/wp-content\/uploads\/2016\/07\/DSCF4251-e.jpg?w=268&#038;h=134\" width=\"268\" height=\"134\" data-original-width=\"268\" data-original-height=\"134\" itemprop=\"http:\/\/schema.org\/image\" title=\"DSCF4251-e\" alt=\"DSCF4251-e\" style=\"width: 268px; height: 134px;\" \/> <\/a> <\/div> <\/div> <!-- close group --> <div class=\"gallery-group images-1\" style=\"width: 272px; height: 138px;\" data-original-width=\"272\" data-original-height=\"138\" > <div class=\"tiled-gallery-item tiled-gallery-item-large\" itemprop=\"associatedMedia\" itemscope itemtype=\"http:\/\/schema.org\/ImageObject\"> <a href=\"https:\/\/i1.wp.com\/harry-fotos.de\/landscapeandothers\/wp-content\/uploads\/2016\/07\/DSCF4292-e.jpg\" border=\"0\" itemprop=\"url\" rel=\"lightbox[1669]\"> <meta itemprop=\"width\" content=\"268\"> <meta itemprop=\"height\" content=\"134\"> <img data-attachment-id=\"1672\" data-orig-file=\"http:\/\/harry-fotos.de\/landscapeandothers\/wp-content\/uploads\/2016\/07\/DSCF4292-e.jpg\" data-orig-size=\"1600,800\" data-comments-opened=\"1\" data-image-meta=\"{&quot;aperture&quot;:&quot;8&quot;,&quot;credit&quot;:&quot;&quot;,&quot;camera&quot;:&quot;X-E2&quot;,&quot;caption&quot;:&quot;&quot;,&quot;created_timestamp&quot;:&quot;1466803070&quot;,&quot;copyright&quot;:&quot;&quot;,&quot;focal_length&quot;:&quot;50&quot;,&quot;iso&quot;:&quot;200&quot;,&quot;shutter_speed&quot;:&quot;0.00714285714286&quot;,&quot;title&quot;:&quot;&quot;,&quot;orientation&quot;:&quot;1&quot;}\" data-image-title=\"DSCF4292-e\" data-image-description=\"\" data-medium-file=\"https:\/\/i1.wp.com\/harry-fotos.de\/landscapeandothers\/wp-content\/uploads\/2016\/07\/DSCF4292-e.jpg?fit=300%2C150\" data-large-file=\"https:\/\/i1.wp.com\/harry-fotos.de\/landscapeandothers\/wp-content\/uploads\/2016\/07\/DSCF4292-e.jpg?fit=953%2C477\" src=\"https:\/\/i1.wp.com\/harry-fotos.de\/landscapeandothers\/wp-content\/uploads\/2016\/07\/DSCF4292-e.jpg?w=268&#038;h=134\" width=\"268\" height=\"134\" data-original-width=\"268\" data-original-height=\"134\" itemprop=\"http:\/\/schema.org\/image\" title=\"DSCF4292-e\" alt=\"DSCF4292-e\" style=\"width: 268px; height: 134px;\" \/> <\/a> <\/div> <\/div> <!-- close group --> <div class=\"gallery-group images-1\" style=\"width: 204px; height: 138px;\" data-original-width=\"204\" data-original-height=\"138\" > <div class=\"tiled-gallery-item tiled-gallery-item-small\" itemprop=\"associatedMedia\" itemscope itemtype=\"http:\/\/schema.org\/ImageObject\"> <a href=\"https:\/\/i0.wp.com\/harry-fotos.de\/landscapeandothers\/wp-content\/uploads\/2016\/07\/DSCF4327-e.jpg\" border=\"0\" itemprop=\"url\" rel=\"lightbox[1669]\"> <meta itemprop=\"width\" content=\"200\"> <meta itemprop=\"height\" content=\"134\"> <img data-attachment-id=\"1673\" data-orig-file=\"http:\/\/harry-fotos.de\/landscapeandothers\/wp-content\/uploads\/2016\/07\/DSCF4327-e.jpg\" data-orig-size=\"1600,1067\" data-comments-opened=\"1\" data-image-meta=\"{&quot;aperture&quot;:&quot;8&quot;,&quot;credit&quot;:&quot;&quot;,&quot;camera&quot;:&quot;X-E2&quot;,&quot;caption&quot;:&quot;&quot;,&quot;created_timestamp&quot;:&quot;1466803231&quot;,&quot;copyright&quot;:&quot;&quot;,&quot;focal_length&quot;:&quot;181.9&quot;,&quot;iso&quot;:&quot;200&quot;,&quot;shutter_speed&quot;:&quot;0.0125&quot;,&quot;title&quot;:&quot;&quot;,&quot;orientation&quot;:&quot;1&quot;}\" data-image-title=\"DSCF4327-e\" data-image-description=\"\" data-medium-file=\"https:\/\/i0.wp.com\/harry-fotos.de\/landscapeandothers\/wp-content\/uploads\/2016\/07\/DSCF4327-e.jpg?fit=300%2C200\" data-large-file=\"https:\/\/i0.wp.com\/harry-fotos.de\/landscapeandothers\/wp-content\/uploads\/2016\/07\/DSCF4327-e.jpg?fit=953%2C636\" src=\"https:\/\/i0.wp.com\/harry-fotos.de\/landscapeandothers\/wp-content\/uploads\/2016\/07\/DSCF4327-e.jpg?w=200&#038;h=134\" width=\"200\" height=\"134\" data-original-width=\"200\" data-original-height=\"134\" itemprop=\"http:\/\/schema.org\/image\" title=\"DSCF4327-e\" alt=\"DSCF4327-e\" style=\"width: 200px; height: 134px;\" \/> <\/a> <\/div> <\/div> <!-- close group --> <\/div> <!-- close row --> <\/div><\/p>\n","protected":false},"excerpt":{"rendered":"<p>Abends mal &#8222;kurz&#8220; den Olympiaturm in M\u00fcnchen hochgefahren und bissi geknippst&#8230;<\/p>\n","protected":false},"author":1,"featured_media":1670,"comment_status":"open","ping_status":"open","sticky":false,"template":"","format":"standard","meta":{"spay_email":"","jetpack_publicize_message":"","jetpack_is_tweetstorm":false,"jetpack_publicize_feature_enabled":true},"categories":[68,4,6],"tags":[38,246,245,57],"jetpack_featured_media_url":"https:\/\/i1.wp.com\/harry-fotos.de\/landscapeandothers\/wp-content\/uploads\/2016\/07\/DSCF4199-e.jpg?fit=1600%2C1067","jetpack_publicize_connections":[],"jetpack_sharing_enabled":true,"jetpack_shortlink":"https:\/\/wp.me\/p7oXcq-qV","jetpack-related-posts":[{"id":1692,"url":"http:\/\/harry-fotos.de\/landscapeandothers\/2016\/07\/31\/olympiagelaende-19-07-2016\/","url_meta":{"origin":1669,"position":0},"title":"Auf dem Olympiaturm und bei der BMW-Welt 19.07.2016","date":"31. Juli 2016","format":false,"excerpt":"Ein Abend in M\u00fcnchen, mal wieder auf dem Olympiaturm gewesen und dann noch bei der BMW-Welt","rel":"","context":"In &quot;Architektur&quot;","img":{"alt_text":"","src":"https:\/\/i0.wp.com\/harry-fotos.de\/landscapeandothers\/wp-content\/uploads\/2016\/07\/DSC_1601.jpg?fit=1200%2C800&resize=350%2C200","width":350,"height":200},"classes":[]},{"id":1823,"url":"http:\/\/harry-fotos.de\/landscapeandothers\/2016\/10\/15\/muenchen-bei-nacht-14-10-2016\/","url_meta":{"origin":1669,"position":1},"title":"M\u00fcnchen bei Nacht 14.10.2016","date":"15. Oktober 2016","format":false,"excerpt":"K\u00f6nigsplatz, Karolinenplatz, Odeonsplatz, U-Bahnhof Marienplatz, Brunnen bei der Frauenkirche","rel":"","context":"In &quot;Architektur&quot;","img":{"alt_text":"","src":"https:\/\/i1.wp.com\/harry-fotos.de\/landscapeandothers\/wp-content\/uploads\/2016\/10\/DSCF6485-b.jpg?fit=1200%2C800&resize=350%2C200","width":350,"height":200},"classes":[]},{"id":1706,"url":"http:\/\/harry-fotos.de\/landscapeandothers\/2016\/07\/31\/abends-in-muenchen-unterwegs-26-07-2016\/","url_meta":{"origin":1669,"position":2},"title":"Abends in M\u00fcnchen unterwegs 26.07.2016","date":"31. Juli 2016","format":false,"excerpt":"Abends mal wieder unterwegs gewesen, diesmal den Friedensengel abgelichtet, dann einen der zwei Brunnen an der Uni und dann noch kurz am Siegestor gewesen.","rel":"","context":"In &quot;Architektur&quot;","img":{"alt_text":"","src":"https:\/\/i0.wp.com\/harry-fotos.de\/landscapeandothers\/wp-content\/uploads\/2016\/07\/DSC_1699.jpg?fit=1200%2C800&resize=350%2C200","width":350,"height":200},"classes":[]},{"id":2106,"url":"http:\/\/harry-fotos.de\/landscapeandothers\/2017\/02\/20\/tierpark-hellabrunn19-02-2017\/","url_meta":{"origin":1669,"position":3},"title":"Tierpark Hellabrunn19.02.2017","date":"20. Februar 2017","format":false,"excerpt":"Bei strahlendem Sonnenschein mal im Tierpark Hellabrunn (M\u00fcnchen) gewesen. Es war zwar richtig viel los, was ja zu erwarten war bei dem Wetter, aber man kam doch fast \u00fcberall sch\u00f6n an die Gehege. Immer wieder sch\u00f6n da drin! \u00a0","rel":"","context":"In &quot;Tiere&quot;","img":{"alt_text":"","src":"https:\/\/i1.wp.com\/harry-fotos.de\/landscapeandothers\/wp-content\/uploads\/2017\/02\/DSC_7686-e.jpg?fit=1200%2C800&resize=350%2C200","width":350,"height":200},"classes":[]},{"id":2160,"url":"http:\/\/harry-fotos.de\/landscapeandothers\/2017\/03\/12\/st-patricks-day-parade-muenchen12-03-2017\/","url_meta":{"origin":1669,"position":4},"title":"St. Patrick&#8217;s Day Parade M\u00fcnchen12.03.2017","date":"12. M\u00e4rz 2017","format":false,"excerpt":"Wie immer fand am Wochenende vorm St. Patrick's Day (17.03.) in M\u00fcnchen die Parade statt. Dieses Jahr war es bereits die 22.! Sehr sch\u00f6ne Sache! Das Wetter h\u00e4tte auch nicht besser sein k\u00f6nnen, strahlender Sonnenschein und wolkenloser, blauer Himmel. Und alles so sch\u00f6n Gr\u00fcn! \u00a0","rel":"","context":"In &quot;Parade&quot;","img":{"alt_text":"","src":"https:\/\/i1.wp.com\/harry-fotos.de\/landscapeandothers\/wp-content\/uploads\/2017\/03\/DSC_8357-e.jpg?fit=1200%2C799&resize=350%2C200","width":350,"height":200},"classes":[]},{"id":1958,"url":"http:\/\/harry-fotos.de\/landscapeandothers\/2017\/01\/21\/lange-nacht-der-architektur-in-muenchen-bayrischer-landtag-20-01-2017\/","url_meta":{"origin":1669,"position":5},"title":"Lange Nacht der Architektur in M\u00fcnchen &#8211; Bayrischer Landtag 20.01.2017","date":"21. Januar 2017","format":false,"excerpt":"Die Lange Nacht der Architektur bietet einblicke in Geb\u00e4ude, wo man sonst wohl nicht so einfach rein kommen w\u00fcrde! Ich war im Bayrischen Landtag, welcher mich schon lange intressiert hat. Sehr sch\u00f6n und auch intressant, das mal so sehen zu k\u00f6nnen! \u00a0","rel":"","context":"In &quot;Architektur&quot;","img":{"alt_text":"","src":"https:\/\/i0.wp.com\/harry-fotos.de\/landscapeandothers\/wp-content\/uploads\/2017\/01\/DSC_6375-e.jpg?fit=1200%2C800&resize=350%2C200","width":350,"height":200},"classes":[]}],"jetpack_likes_enabled":true,"_links":{"self":[{"href":"http:\/\/harry-fotos.de\/landscapeandothers\/wp-json\/wp\/v2\/posts\/1669"}],"collection":[{"href":"http:\/\/harry-fotos.de\/landscapeandothers\/wp-json\/wp\/v2\/posts"}],"about":[{"href":"http:\/\/harry-fotos.de\/landscapeandothers\/wp-json\/wp\/v2\/types\/post"}],"author":[{"embeddable":true,"href":"http:\/\/harry-fotos.de\/landscapeandothers\/wp-json\/wp\/v2\/users\/1"}],"replies":[{"embeddable":true,"href":"http:\/\/harry-fotos.de\/landscapeandothers\/wp-json\/wp\/v2\/comments?post=1669"}],"version-history":[{"count":1,"href":"http:\/\/harry-fotos.de\/landscapeandothers\/wp-json\/wp\/v2\/posts\/1669\/revisions"}],"predecessor-version":[{"id":1674,"href":"http:\/\/harry-fotos.de\/landscapeandothers\/wp-json\/wp\/v2\/posts\/1669\/revisions\/1674"}],"wp:featuredmedia":[{"embeddable":true,"href":"http:\/\/harry-fotos.de\/landscapeandothers\/wp-json\/wp\/v2\/media\/1670"}],"wp:attachment":[{"href":"http:\/\/harry-fotos.de\/landscapeandothers\/wp-json\/wp\/v2\/media?parent=1669"}],"wp:term":[{"taxonomy":"category","embeddable":true,"href":"http:\/\/harry-fotos.de\/landscapeandothers\/wp-json\/wp\/v2\/categories?post=1669"},{"taxonomy":"post_tag","embeddable":true,"href":"http:\/\/harry-fotos.de\/landscapeandothers\/wp-json\/wp\/v2\/tags?post=1669"}],"curies":[{"name":"wp","href":"https:\/\/api.w.org\/{rel}","templated":true}]}}