{"id":2106,"date":"2017-02-20T17:57:45","date_gmt":"2017-02-20T16:57:45","guid":{"rendered":"http:\/\/harry-fotos.de\/landscapeandothers\/?p=2106"},"modified":"2017-02-20T17:57:45","modified_gmt":"2017-02-20T16:57:45","slug":"tierpark-hellabrunn19-02-2017","status":"publish","type":"post","link":"http:\/\/harry-fotos.de\/landscapeandothers\/2017\/02\/20\/tierpark-hellabrunn19-02-2017\/","title":{"rendered":"Tierpark Hellabrunn<br \/><small>19.02.2017<\/small>"},"content":{"rendered":"<h4>Bei strahlendem Sonnenschein mal im Tierpark Hellabrunn (M\u00fcnchen) gewesen. Es war zwar richtig viel los, was ja zu erwarten war bei dem Wetter, aber man kam doch fast \u00fcberall sch\u00f6n an die Gehege. Immer wieder sch\u00f6n da drin!<\/h4>\n<p>&nbsp;<br \/>\n<div class=\"tiled-gallery type-rectangular tiled-gallery-unresized\" data-original-width=\"953\" data-carousel-extra='null' itemscope itemtype=\"http:\/\/schema.org\/ImageGallery\" > <div class=\"gallery-row\" style=\"width: 953px; height: 818px;\" data-original-width=\"953\" data-original-height=\"818\" > <div class=\"gallery-group images-1\" style=\"width: 546px; height: 818px;\" data-original-width=\"546\" data-original-height=\"818\" > <div class=\"tiled-gallery-item tiled-gallery-item-large\" itemprop=\"associatedMedia\" itemscope itemtype=\"http:\/\/schema.org\/ImageObject\"> <a href=\"https:\/\/i1.wp.com\/harry-fotos.de\/landscapeandothers\/wp-content\/uploads\/2017\/02\/DSC_7482-e.jpg\" border=\"0\" itemprop=\"url\" rel=\"lightbox[2106]\"> <meta itemprop=\"width\" content=\"542\"> <meta itemprop=\"height\" content=\"814\"> <img data-attachment-id=\"2107\" data-orig-file=\"http:\/\/harry-fotos.de\/landscapeandothers\/wp-content\/uploads\/2017\/02\/DSC_7482-e.jpg\" data-orig-size=\"1065,1600\" data-comments-opened=\"\" data-image-meta=\"{&quot;aperture&quot;:&quot;5.6&quot;,&quot;credit&quot;:&quot;Harald Poller&quot;,&quot;camera&quot;:&quot;NIKON D3S&quot;,&quot;caption&quot;:&quot;&quot;,&quot;created_timestamp&quot;:&quot;1487517139&quot;,&quot;copyright&quot;:&quot;Harald Poller&quot;,&quot;focal_length&quot;:&quot;400&quot;,&quot;iso&quot;:&quot;400&quot;,&quot;shutter_speed&quot;:&quot;0.003125&quot;,&quot;title&quot;:&quot;&quot;,&quot;orientation&quot;:&quot;1&quot;}\" data-image-title=\"DSC_7482-e\" data-image-description=\"\" data-medium-file=\"https:\/\/i1.wp.com\/harry-fotos.de\/landscapeandothers\/wp-content\/uploads\/2017\/02\/DSC_7482-e.jpg?fit=200%2C300\" data-large-file=\"https:\/\/i1.wp.com\/harry-fotos.de\/landscapeandothers\/wp-content\/uploads\/2017\/02\/DSC_7482-e.jpg?fit=682%2C1024\" src=\"https:\/\/i1.wp.com\/harry-fotos.de\/landscapeandothers\/wp-content\/uploads\/2017\/02\/DSC_7482-e.jpg?w=542&#038;h=814\" width=\"542\" height=\"814\" data-original-width=\"542\" data-original-height=\"814\" itemprop=\"http:\/\/schema.org\/image\" title=\"DSC_7482-e\" alt=\"DSC_7482-e\" style=\"width: 542px; height: 814px;\" \/> <\/a> <\/div> <\/div> <!-- close group --> <div class=\"gallery-group images-3\" style=\"width: 407px; height: 818px;\" data-original-width=\"407\" data-original-height=\"818\" > <div class=\"tiled-gallery-item tiled-gallery-item-large\" itemprop=\"associatedMedia\" itemscope itemtype=\"http:\/\/schema.org\/ImageObject\"> <a href=\"https:\/\/i0.wp.com\/harry-fotos.de\/landscapeandothers\/wp-content\/uploads\/2017\/02\/DSC_7505-e.jpg\" border=\"0\" itemprop=\"url\" rel=\"lightbox[2106]\"> <meta itemprop=\"width\" content=\"403\"> <meta itemprop=\"height\" content=\"269\"> <img data-attachment-id=\"2108\" data-orig-file=\"http:\/\/harry-fotos.de\/landscapeandothers\/wp-content\/uploads\/2017\/02\/DSC_7505-e.jpg\" data-orig-size=\"1600,1065\" data-comments-opened=\"\" data-image-meta=\"{&quot;aperture&quot;:&quot;5.6&quot;,&quot;credit&quot;:&quot;Harald Poller&quot;,&quot;camera&quot;:&quot;NIKON D3S&quot;,&quot;caption&quot;:&quot;&quot;,&quot;created_timestamp&quot;:&quot;1487517244&quot;,&quot;copyright&quot;:&quot;Harald Poller&quot;,&quot;focal_length&quot;:&quot;400&quot;,&quot;iso&quot;:&quot;400&quot;,&quot;shutter_speed&quot;:&quot;0.003125&quot;,&quot;title&quot;:&quot;&quot;,&quot;orientation&quot;:&quot;1&quot;}\" data-image-title=\"DSC_7505-e\" data-image-description=\"\" data-medium-file=\"https:\/\/i0.wp.com\/harry-fotos.de\/landscapeandothers\/wp-content\/uploads\/2017\/02\/DSC_7505-e.jpg?fit=300%2C200\" data-large-file=\"https:\/\/i0.wp.com\/harry-fotos.de\/landscapeandothers\/wp-content\/uploads\/2017\/02\/DSC_7505-e.jpg?fit=953%2C635\" src=\"https:\/\/i0.wp.com\/harry-fotos.de\/landscapeandothers\/wp-content\/uploads\/2017\/02\/DSC_7505-e.jpg?w=403&#038;h=269\" width=\"403\" height=\"269\" data-original-width=\"403\" data-original-height=\"269\" itemprop=\"http:\/\/schema.org\/image\" title=\"DSC_7505-e\" alt=\"DSC_7505-e\" style=\"width: 403px; height: 269px;\" \/> <\/a> <\/div> <div class=\"tiled-gallery-item tiled-gallery-item-large\" itemprop=\"associatedMedia\" itemscope itemtype=\"http:\/\/schema.org\/ImageObject\"> <a href=\"https:\/\/i1.wp.com\/harry-fotos.de\/landscapeandothers\/wp-content\/uploads\/2017\/02\/DSC_7530-e.jpg\" border=\"0\" itemprop=\"url\" rel=\"lightbox[2106]\"> <meta itemprop=\"width\" content=\"403\"> <meta itemprop=\"height\" content=\"268\"> <img data-attachment-id=\"2109\" data-orig-file=\"http:\/\/harry-fotos.de\/landscapeandothers\/wp-content\/uploads\/2017\/02\/DSC_7530-e.jpg\" data-orig-size=\"1600,1065\" data-comments-opened=\"\" data-image-meta=\"{&quot;aperture&quot;:&quot;5.6&quot;,&quot;credit&quot;:&quot;Harald Poller&quot;,&quot;camera&quot;:&quot;NIKON D3S&quot;,&quot;caption&quot;:&quot;&quot;,&quot;created_timestamp&quot;:&quot;1487517286&quot;,&quot;copyright&quot;:&quot;Harald Poller&quot;,&quot;focal_length&quot;:&quot;400&quot;,&quot;iso&quot;:&quot;400&quot;,&quot;shutter_speed&quot;:&quot;0.004&quot;,&quot;title&quot;:&quot;&quot;,&quot;orientation&quot;:&quot;1&quot;}\" data-image-title=\"DSC_7530-e\" data-image-description=\"\" data-medium-file=\"https:\/\/i1.wp.com\/harry-fotos.de\/landscapeandothers\/wp-content\/uploads\/2017\/02\/DSC_7530-e.jpg?fit=300%2C200\" data-large-file=\"https:\/\/i1.wp.com\/harry-fotos.de\/landscapeandothers\/wp-content\/uploads\/2017\/02\/DSC_7530-e.jpg?fit=953%2C635\" src=\"https:\/\/i1.wp.com\/harry-fotos.de\/landscapeandothers\/wp-content\/uploads\/2017\/02\/DSC_7530-e.jpg?w=403&#038;h=268\" width=\"403\" height=\"268\" data-original-width=\"403\" data-original-height=\"268\" itemprop=\"http:\/\/schema.org\/image\" title=\"DSC_7530-e\" alt=\"DSC_7530-e\" style=\"width: 403px; height: 268px;\" \/> <\/a> <\/div> <div class=\"tiled-gallery-item tiled-gallery-item-large\" itemprop=\"associatedMedia\" itemscope itemtype=\"http:\/\/schema.org\/ImageObject\"> <a href=\"https:\/\/i1.wp.com\/harry-fotos.de\/landscapeandothers\/wp-content\/uploads\/2017\/02\/DSC_7559-e.jpg\" border=\"0\" itemprop=\"url\" rel=\"lightbox[2106]\"> <meta itemprop=\"width\" content=\"403\"> <meta itemprop=\"height\" content=\"269\"> <img data-attachment-id=\"2110\" data-orig-file=\"http:\/\/harry-fotos.de\/landscapeandothers\/wp-content\/uploads\/2017\/02\/DSC_7559-e.jpg\" data-orig-size=\"1600,1067\" data-comments-opened=\"\" data-image-meta=\"{&quot;aperture&quot;:&quot;5.6&quot;,&quot;credit&quot;:&quot;Harald Poller&quot;,&quot;camera&quot;:&quot;NIKON D3S&quot;,&quot;caption&quot;:&quot;&quot;,&quot;created_timestamp&quot;:&quot;1487517355&quot;,&quot;copyright&quot;:&quot;Harald Poller&quot;,&quot;focal_length&quot;:&quot;400&quot;,&quot;iso&quot;:&quot;800&quot;,&quot;shutter_speed&quot;:&quot;0.002&quot;,&quot;title&quot;:&quot;&quot;,&quot;orientation&quot;:&quot;1&quot;}\" data-image-title=\"DSC_7559-e\" data-image-description=\"\" data-medium-file=\"https:\/\/i1.wp.com\/harry-fotos.de\/landscapeandothers\/wp-content\/uploads\/2017\/02\/DSC_7559-e.jpg?fit=300%2C200\" data-large-file=\"https:\/\/i1.wp.com\/harry-fotos.de\/landscapeandothers\/wp-content\/uploads\/2017\/02\/DSC_7559-e.jpg?fit=953%2C636\" src=\"https:\/\/i1.wp.com\/harry-fotos.de\/landscapeandothers\/wp-content\/uploads\/2017\/02\/DSC_7559-e.jpg?w=403&#038;h=269\" width=\"403\" height=\"269\" data-original-width=\"403\" data-original-height=\"269\" itemprop=\"http:\/\/schema.org\/image\" title=\"DSC_7559-e\" alt=\"DSC_7559-e\" style=\"width: 403px; height: 269px;\" \/> <\/a> <\/div> <\/div> <!-- close group --> <\/div> <!-- close row --> <div class=\"gallery-row\" style=\"width: 953px; height: 425px;\" data-original-width=\"953\" data-original-height=\"425\" > <div class=\"gallery-group images-1\" style=\"width: 636px; height: 425px;\" data-original-width=\"636\" data-original-height=\"425\" > <div class=\"tiled-gallery-item tiled-gallery-item-large\" itemprop=\"associatedMedia\" itemscope itemtype=\"http:\/\/schema.org\/ImageObject\"> <a href=\"https:\/\/i0.wp.com\/harry-fotos.de\/landscapeandothers\/wp-content\/uploads\/2017\/02\/DSC_7569-e.jpg\" border=\"0\" itemprop=\"url\" rel=\"lightbox[2106]\"> <meta itemprop=\"width\" content=\"632\"> <meta itemprop=\"height\" content=\"421\"> <img data-attachment-id=\"2111\" data-orig-file=\"http:\/\/harry-fotos.de\/landscapeandothers\/wp-content\/uploads\/2017\/02\/DSC_7569-e.jpg\" data-orig-size=\"1600,1065\" data-comments-opened=\"\" data-image-meta=\"{&quot;aperture&quot;:&quot;6.3&quot;,&quot;credit&quot;:&quot;Harald Poller&quot;,&quot;camera&quot;:&quot;NIKON D3S&quot;,&quot;caption&quot;:&quot;&quot;,&quot;created_timestamp&quot;:&quot;1487517432&quot;,&quot;copyright&quot;:&quot;Harald Poller&quot;,&quot;focal_length&quot;:&quot;400&quot;,&quot;iso&quot;:&quot;800&quot;,&quot;shutter_speed&quot;:&quot;0.00125&quot;,&quot;title&quot;:&quot;&quot;,&quot;orientation&quot;:&quot;1&quot;}\" data-image-title=\"DSC_7569-e\" data-image-description=\"\" data-medium-file=\"https:\/\/i0.wp.com\/harry-fotos.de\/landscapeandothers\/wp-content\/uploads\/2017\/02\/DSC_7569-e.jpg?fit=300%2C200\" data-large-file=\"https:\/\/i0.wp.com\/harry-fotos.de\/landscapeandothers\/wp-content\/uploads\/2017\/02\/DSC_7569-e.jpg?fit=953%2C635\" src=\"https:\/\/i0.wp.com\/harry-fotos.de\/landscapeandothers\/wp-content\/uploads\/2017\/02\/DSC_7569-e.jpg?w=632&#038;h=421\" width=\"632\" height=\"421\" data-original-width=\"632\" data-original-height=\"421\" itemprop=\"http:\/\/schema.org\/image\" title=\"DSC_7569-e\" alt=\"DSC_7569-e\" style=\"width: 632px; height: 421px;\" \/> <\/a> <\/div> <\/div> <!-- close group --> <div class=\"gallery-group images-2\" style=\"width: 317px; height: 425px;\" data-original-width=\"317\" data-original-height=\"425\" > <div class=\"tiled-gallery-item tiled-gallery-item-large\" itemprop=\"associatedMedia\" itemscope itemtype=\"http:\/\/schema.org\/ImageObject\"> <a href=\"https:\/\/i2.wp.com\/harry-fotos.de\/landscapeandothers\/wp-content\/uploads\/2017\/02\/DSC_7590-e.jpg\" border=\"0\" itemprop=\"url\" rel=\"lightbox[2106]\"> <meta itemprop=\"width\" content=\"313\"> <meta itemprop=\"height\" content=\"209\"> <img data-attachment-id=\"2112\" data-orig-file=\"http:\/\/harry-fotos.de\/landscapeandothers\/wp-content\/uploads\/2017\/02\/DSC_7590-e.jpg\" data-orig-size=\"1600,1065\" data-comments-opened=\"\" data-image-meta=\"{&quot;aperture&quot;:&quot;6.3&quot;,&quot;credit&quot;:&quot;Harald Poller&quot;,&quot;camera&quot;:&quot;NIKON D3S&quot;,&quot;caption&quot;:&quot;&quot;,&quot;created_timestamp&quot;:&quot;1487517506&quot;,&quot;copyright&quot;:&quot;Harald Poller&quot;,&quot;focal_length&quot;:&quot;400&quot;,&quot;iso&quot;:&quot;800&quot;,&quot;shutter_speed&quot;:&quot;0.000625&quot;,&quot;title&quot;:&quot;&quot;,&quot;orientation&quot;:&quot;1&quot;}\" data-image-title=\"DSC_7590-e\" data-image-description=\"\" data-medium-file=\"https:\/\/i2.wp.com\/harry-fotos.de\/landscapeandothers\/wp-content\/uploads\/2017\/02\/DSC_7590-e.jpg?fit=300%2C200\" data-large-file=\"https:\/\/i2.wp.com\/harry-fotos.de\/landscapeandothers\/wp-content\/uploads\/2017\/02\/DSC_7590-e.jpg?fit=953%2C635\" src=\"https:\/\/i2.wp.com\/harry-fotos.de\/landscapeandothers\/wp-content\/uploads\/2017\/02\/DSC_7590-e.jpg?w=313&#038;h=209\" width=\"313\" height=\"209\" data-original-width=\"313\" data-original-height=\"209\" itemprop=\"http:\/\/schema.org\/image\" title=\"DSC_7590-e\" alt=\"DSC_7590-e\" style=\"width: 313px; height: 209px;\" \/> <\/a> <\/div> <div class=\"tiled-gallery-item tiled-gallery-item-large\" itemprop=\"associatedMedia\" itemscope itemtype=\"http:\/\/schema.org\/ImageObject\"> <a href=\"https:\/\/i0.wp.com\/harry-fotos.de\/landscapeandothers\/wp-content\/uploads\/2017\/02\/DSC_7606-e.jpg\" border=\"0\" itemprop=\"url\" rel=\"lightbox[2106]\"> <meta itemprop=\"width\" content=\"313\"> <meta itemprop=\"height\" content=\"208\"> <img data-attachment-id=\"2113\" data-orig-file=\"http:\/\/harry-fotos.de\/landscapeandothers\/wp-content\/uploads\/2017\/02\/DSC_7606-e.jpg\" data-orig-size=\"1600,1065\" data-comments-opened=\"\" data-image-meta=\"{&quot;aperture&quot;:&quot;6.3&quot;,&quot;credit&quot;:&quot;Harald Poller&quot;,&quot;camera&quot;:&quot;NIKON D3S&quot;,&quot;caption&quot;:&quot;&quot;,&quot;created_timestamp&quot;:&quot;1487517581&quot;,&quot;copyright&quot;:&quot;Harald Poller&quot;,&quot;focal_length&quot;:&quot;210&quot;,&quot;iso&quot;:&quot;800&quot;,&quot;shutter_speed&quot;:&quot;0.0003125&quot;,&quot;title&quot;:&quot;&quot;,&quot;orientation&quot;:&quot;1&quot;}\" data-image-title=\"DSC_7606-e\" data-image-description=\"\" data-medium-file=\"https:\/\/i0.wp.com\/harry-fotos.de\/landscapeandothers\/wp-content\/uploads\/2017\/02\/DSC_7606-e.jpg?fit=300%2C200\" data-large-file=\"https:\/\/i0.wp.com\/harry-fotos.de\/landscapeandothers\/wp-content\/uploads\/2017\/02\/DSC_7606-e.jpg?fit=953%2C635\" src=\"https:\/\/i0.wp.com\/harry-fotos.de\/landscapeandothers\/wp-content\/uploads\/2017\/02\/DSC_7606-e.jpg?w=313&#038;h=208\" width=\"313\" height=\"208\" data-original-width=\"313\" data-original-height=\"208\" itemprop=\"http:\/\/schema.org\/image\" title=\"DSC_7606-e\" alt=\"DSC_7606-e\" style=\"width: 313px; height: 208px;\" \/> <\/a> <\/div> <\/div> <!-- close group --> <\/div> <!-- close row --> <div class=\"gallery-row\" style=\"width: 953px; height: 818px;\" data-original-width=\"953\" data-original-height=\"818\" > <div class=\"gallery-group images-3\" style=\"width: 407px; height: 818px;\" data-original-width=\"407\" data-original-height=\"818\" > <div class=\"tiled-gallery-item tiled-gallery-item-large\" itemprop=\"associatedMedia\" itemscope itemtype=\"http:\/\/schema.org\/ImageObject\"> <a href=\"https:\/\/i1.wp.com\/harry-fotos.de\/landscapeandothers\/wp-content\/uploads\/2017\/02\/DSC_7613-e.jpg\" border=\"0\" itemprop=\"url\" rel=\"lightbox[2106]\"> <meta itemprop=\"width\" content=\"403\"> <meta itemprop=\"height\" content=\"269\"> <img data-attachment-id=\"2114\" data-orig-file=\"http:\/\/harry-fotos.de\/landscapeandothers\/wp-content\/uploads\/2017\/02\/DSC_7613-e.jpg\" data-orig-size=\"1600,1065\" data-comments-opened=\"\" data-image-meta=\"{&quot;aperture&quot;:&quot;6.3&quot;,&quot;credit&quot;:&quot;Harald Poller&quot;,&quot;camera&quot;:&quot;NIKON D3S&quot;,&quot;caption&quot;:&quot;&quot;,&quot;created_timestamp&quot;:&quot;1487517612&quot;,&quot;copyright&quot;:&quot;Harald Poller&quot;,&quot;focal_length&quot;:&quot;140&quot;,&quot;iso&quot;:&quot;800&quot;,&quot;shutter_speed&quot;:&quot;0.0005&quot;,&quot;title&quot;:&quot;&quot;,&quot;orientation&quot;:&quot;1&quot;}\" data-image-title=\"DSC_7613-e\" data-image-description=\"\" data-medium-file=\"https:\/\/i1.wp.com\/harry-fotos.de\/landscapeandothers\/wp-content\/uploads\/2017\/02\/DSC_7613-e.jpg?fit=300%2C200\" data-large-file=\"https:\/\/i1.wp.com\/harry-fotos.de\/landscapeandothers\/wp-content\/uploads\/2017\/02\/DSC_7613-e.jpg?fit=953%2C635\" src=\"https:\/\/i1.wp.com\/harry-fotos.de\/landscapeandothers\/wp-content\/uploads\/2017\/02\/DSC_7613-e.jpg?w=403&#038;h=269\" width=\"403\" height=\"269\" data-original-width=\"403\" data-original-height=\"269\" itemprop=\"http:\/\/schema.org\/image\" title=\"DSC_7613-e\" alt=\"DSC_7613-e\" style=\"width: 403px; height: 269px;\" \/> <\/a> <\/div> <div class=\"tiled-gallery-item tiled-gallery-item-large\" itemprop=\"associatedMedia\" itemscope itemtype=\"http:\/\/schema.org\/ImageObject\"> <a href=\"https:\/\/i2.wp.com\/harry-fotos.de\/landscapeandothers\/wp-content\/uploads\/2017\/02\/DSC_7631-e.jpg\" border=\"0\" itemprop=\"url\" rel=\"lightbox[2106]\"> <meta itemprop=\"width\" content=\"403\"> <meta itemprop=\"height\" content=\"269\"> <img data-attachment-id=\"2115\" data-orig-file=\"http:\/\/harry-fotos.de\/landscapeandothers\/wp-content\/uploads\/2017\/02\/DSC_7631-e.jpg\" data-orig-size=\"1600,1065\" data-comments-opened=\"\" data-image-meta=\"{&quot;aperture&quot;:&quot;6.3&quot;,&quot;credit&quot;:&quot;Harald Poller&quot;,&quot;camera&quot;:&quot;NIKON D3S&quot;,&quot;caption&quot;:&quot;&quot;,&quot;created_timestamp&quot;:&quot;1487517887&quot;,&quot;copyright&quot;:&quot;Harald Poller&quot;,&quot;focal_length&quot;:&quot;400&quot;,&quot;iso&quot;:&quot;800&quot;,&quot;shutter_speed&quot;:&quot;0.000625&quot;,&quot;title&quot;:&quot;&quot;,&quot;orientation&quot;:&quot;1&quot;}\" data-image-title=\"DSC_7631-e\" data-image-description=\"\" data-medium-file=\"https:\/\/i2.wp.com\/harry-fotos.de\/landscapeandothers\/wp-content\/uploads\/2017\/02\/DSC_7631-e.jpg?fit=300%2C200\" data-large-file=\"https:\/\/i2.wp.com\/harry-fotos.de\/landscapeandothers\/wp-content\/uploads\/2017\/02\/DSC_7631-e.jpg?fit=953%2C635\" src=\"https:\/\/i2.wp.com\/harry-fotos.de\/landscapeandothers\/wp-content\/uploads\/2017\/02\/DSC_7631-e.jpg?w=403&#038;h=269\" width=\"403\" height=\"269\" data-original-width=\"403\" data-original-height=\"269\" itemprop=\"http:\/\/schema.org\/image\" title=\"DSC_7631-e\" alt=\"DSC_7631-e\" style=\"width: 403px; height: 269px;\" \/> <\/a> <\/div> <div class=\"tiled-gallery-item tiled-gallery-item-large\" itemprop=\"associatedMedia\" itemscope itemtype=\"http:\/\/schema.org\/ImageObject\"> <a href=\"https:\/\/i0.wp.com\/harry-fotos.de\/landscapeandothers\/wp-content\/uploads\/2017\/02\/DSC_7638-e.jpg\" border=\"0\" itemprop=\"url\" rel=\"lightbox[2106]\"> <meta itemprop=\"width\" content=\"403\"> <meta itemprop=\"height\" content=\"268\"> <img data-attachment-id=\"2116\" data-orig-file=\"http:\/\/harry-fotos.de\/landscapeandothers\/wp-content\/uploads\/2017\/02\/DSC_7638-e.jpg\" data-orig-size=\"1600,1065\" data-comments-opened=\"\" data-image-meta=\"{&quot;aperture&quot;:&quot;6.3&quot;,&quot;credit&quot;:&quot;Harald Poller&quot;,&quot;camera&quot;:&quot;NIKON D3S&quot;,&quot;caption&quot;:&quot;&quot;,&quot;created_timestamp&quot;:&quot;1487517900&quot;,&quot;copyright&quot;:&quot;Harald Poller&quot;,&quot;focal_length&quot;:&quot;400&quot;,&quot;iso&quot;:&quot;800&quot;,&quot;shutter_speed&quot;:&quot;0.0008&quot;,&quot;title&quot;:&quot;&quot;,&quot;orientation&quot;:&quot;1&quot;}\" data-image-title=\"DSC_7638-e\" data-image-description=\"\" data-medium-file=\"https:\/\/i0.wp.com\/harry-fotos.de\/landscapeandothers\/wp-content\/uploads\/2017\/02\/DSC_7638-e.jpg?fit=300%2C200\" data-large-file=\"https:\/\/i0.wp.com\/harry-fotos.de\/landscapeandothers\/wp-content\/uploads\/2017\/02\/DSC_7638-e.jpg?fit=953%2C635\" src=\"https:\/\/i0.wp.com\/harry-fotos.de\/landscapeandothers\/wp-content\/uploads\/2017\/02\/DSC_7638-e.jpg?w=403&#038;h=268\" width=\"403\" height=\"268\" data-original-width=\"403\" data-original-height=\"268\" itemprop=\"http:\/\/schema.org\/image\" title=\"DSC_7638-e\" alt=\"DSC_7638-e\" style=\"width: 403px; height: 268px;\" \/> <\/a> <\/div> <\/div> <!-- close group --> <div class=\"gallery-group images-1\" style=\"width: 546px; height: 818px;\" data-original-width=\"546\" data-original-height=\"818\" > <div class=\"tiled-gallery-item tiled-gallery-item-large\" itemprop=\"associatedMedia\" itemscope itemtype=\"http:\/\/schema.org\/ImageObject\"> <a href=\"https:\/\/i1.wp.com\/harry-fotos.de\/landscapeandothers\/wp-content\/uploads\/2017\/02\/DSC_7650-e.jpg\" border=\"0\" itemprop=\"url\" rel=\"lightbox[2106]\"> <meta itemprop=\"width\" content=\"542\"> <meta itemprop=\"height\" content=\"814\"> <img data-attachment-id=\"2117\" data-orig-file=\"http:\/\/harry-fotos.de\/landscapeandothers\/wp-content\/uploads\/2017\/02\/DSC_7650-e.jpg\" data-orig-size=\"1065,1600\" data-comments-opened=\"\" data-image-meta=\"{&quot;aperture&quot;:&quot;6.3&quot;,&quot;credit&quot;:&quot;Harald Poller&quot;,&quot;camera&quot;:&quot;NIKON D3S&quot;,&quot;caption&quot;:&quot;&quot;,&quot;created_timestamp&quot;:&quot;1487518061&quot;,&quot;copyright&quot;:&quot;Harald Poller&quot;,&quot;focal_length&quot;:&quot;400&quot;,&quot;iso&quot;:&quot;800&quot;,&quot;shutter_speed&quot;:&quot;0.0003125&quot;,&quot;title&quot;:&quot;&quot;,&quot;orientation&quot;:&quot;1&quot;}\" data-image-title=\"DSC_7650-e\" data-image-description=\"\" data-medium-file=\"https:\/\/i1.wp.com\/harry-fotos.de\/landscapeandothers\/wp-content\/uploads\/2017\/02\/DSC_7650-e.jpg?fit=200%2C300\" data-large-file=\"https:\/\/i1.wp.com\/harry-fotos.de\/landscapeandothers\/wp-content\/uploads\/2017\/02\/DSC_7650-e.jpg?fit=682%2C1024\" src=\"https:\/\/i1.wp.com\/harry-fotos.de\/landscapeandothers\/wp-content\/uploads\/2017\/02\/DSC_7650-e.jpg?w=542&#038;h=814\" width=\"542\" height=\"814\" data-original-width=\"542\" data-original-height=\"814\" itemprop=\"http:\/\/schema.org\/image\" title=\"DSC_7650-e\" alt=\"DSC_7650-e\" style=\"width: 542px; height: 814px;\" \/> <\/a> <\/div> <\/div> <!-- close group --> <\/div> <!-- close row --> <div class=\"gallery-row\" style=\"width: 953px; height: 440px;\" data-original-width=\"953\" data-original-height=\"440\" > <div class=\"gallery-group images-1\" style=\"width: 294px; height: 440px;\" data-original-width=\"294\" data-original-height=\"440\" > <div class=\"tiled-gallery-item tiled-gallery-item-large\" itemprop=\"associatedMedia\" itemscope itemtype=\"http:\/\/schema.org\/ImageObject\"> <a href=\"https:\/\/i0.wp.com\/harry-fotos.de\/landscapeandothers\/wp-content\/uploads\/2017\/02\/DSC_7653-e.jpg\" border=\"0\" itemprop=\"url\" rel=\"lightbox[2106]\"> <meta itemprop=\"width\" content=\"290\"> <meta itemprop=\"height\" content=\"436\"> <img data-attachment-id=\"2118\" data-orig-file=\"http:\/\/harry-fotos.de\/landscapeandothers\/wp-content\/uploads\/2017\/02\/DSC_7653-e.jpg\" data-orig-size=\"1065,1600\" data-comments-opened=\"\" data-image-meta=\"{&quot;aperture&quot;:&quot;6.3&quot;,&quot;credit&quot;:&quot;Harald Poller&quot;,&quot;camera&quot;:&quot;NIKON D3S&quot;,&quot;caption&quot;:&quot;&quot;,&quot;created_timestamp&quot;:&quot;1487518068&quot;,&quot;copyright&quot;:&quot;Harald Poller&quot;,&quot;focal_length&quot;:&quot;250&quot;,&quot;iso&quot;:&quot;800&quot;,&quot;shutter_speed&quot;:&quot;0.000625&quot;,&quot;title&quot;:&quot;&quot;,&quot;orientation&quot;:&quot;1&quot;}\" data-image-title=\"DSC_7653-e\" data-image-description=\"\" data-medium-file=\"https:\/\/i0.wp.com\/harry-fotos.de\/landscapeandothers\/wp-content\/uploads\/2017\/02\/DSC_7653-e.jpg?fit=200%2C300\" data-large-file=\"https:\/\/i0.wp.com\/harry-fotos.de\/landscapeandothers\/wp-content\/uploads\/2017\/02\/DSC_7653-e.jpg?fit=682%2C1024\" src=\"https:\/\/i0.wp.com\/harry-fotos.de\/landscapeandothers\/wp-content\/uploads\/2017\/02\/DSC_7653-e.jpg?w=290&#038;h=436\" width=\"290\" height=\"436\" data-original-width=\"290\" data-original-height=\"436\" itemprop=\"http:\/\/schema.org\/image\" title=\"DSC_7653-e\" alt=\"DSC_7653-e\" style=\"width: 290px; height: 436px;\" \/> <\/a> <\/div> <\/div> <!-- close group --> <div class=\"gallery-group images-1\" style=\"width: 659px; height: 440px;\" data-original-width=\"659\" data-original-height=\"440\" > <div class=\"tiled-gallery-item tiled-gallery-item-large\" itemprop=\"associatedMedia\" itemscope itemtype=\"http:\/\/schema.org\/ImageObject\"> <a href=\"https:\/\/i1.wp.com\/harry-fotos.de\/landscapeandothers\/wp-content\/uploads\/2017\/02\/DSC_7659-e.jpg\" border=\"0\" itemprop=\"url\" rel=\"lightbox[2106]\"> <meta itemprop=\"width\" content=\"655\"> <meta itemprop=\"height\" content=\"436\"> <img data-attachment-id=\"2119\" data-orig-file=\"http:\/\/harry-fotos.de\/landscapeandothers\/wp-content\/uploads\/2017\/02\/DSC_7659-e.jpg\" data-orig-size=\"1600,1065\" data-comments-opened=\"\" data-image-meta=\"{&quot;aperture&quot;:&quot;6.3&quot;,&quot;credit&quot;:&quot;Harald Poller&quot;,&quot;camera&quot;:&quot;NIKON D3S&quot;,&quot;caption&quot;:&quot;&quot;,&quot;created_timestamp&quot;:&quot;1487518081&quot;,&quot;copyright&quot;:&quot;Harald Poller&quot;,&quot;focal_length&quot;:&quot;250&quot;,&quot;iso&quot;:&quot;800&quot;,&quot;shutter_speed&quot;:&quot;0.000625&quot;,&quot;title&quot;:&quot;&quot;,&quot;orientation&quot;:&quot;1&quot;}\" data-image-title=\"DSC_7659-e\" data-image-description=\"\" data-medium-file=\"https:\/\/i1.wp.com\/harry-fotos.de\/landscapeandothers\/wp-content\/uploads\/2017\/02\/DSC_7659-e.jpg?fit=300%2C200\" data-large-file=\"https:\/\/i1.wp.com\/harry-fotos.de\/landscapeandothers\/wp-content\/uploads\/2017\/02\/DSC_7659-e.jpg?fit=953%2C635\" src=\"https:\/\/i1.wp.com\/harry-fotos.de\/landscapeandothers\/wp-content\/uploads\/2017\/02\/DSC_7659-e.jpg?w=655&#038;h=436\" width=\"655\" height=\"436\" data-original-width=\"655\" data-original-height=\"436\" itemprop=\"http:\/\/schema.org\/image\" title=\"DSC_7659-e\" alt=\"DSC_7659-e\" style=\"width: 655px; height: 436px;\" \/> <\/a> <\/div> <\/div> <!-- close group --> <\/div> <!-- close row --> <div class=\"gallery-row\" style=\"width: 953px; height: 626px;\" data-original-width=\"953\" data-original-height=\"626\" > <div class=\"gallery-group images-3\" style=\"width: 267px; height: 626px;\" data-original-width=\"267\" data-original-height=\"626\" > <div class=\"tiled-gallery-item tiled-gallery-item-large\" itemprop=\"associatedMedia\" itemscope itemtype=\"http:\/\/schema.org\/ImageObject\"> <a href=\"https:\/\/i2.wp.com\/harry-fotos.de\/landscapeandothers\/wp-content\/uploads\/2017\/02\/DSC_7677-e.jpg\" border=\"0\" itemprop=\"url\" rel=\"lightbox[2106]\"> <meta itemprop=\"width\" content=\"263\"> <meta itemprop=\"height\" content=\"176\"> <img data-attachment-id=\"2120\" data-orig-file=\"http:\/\/harry-fotos.de\/landscapeandothers\/wp-content\/uploads\/2017\/02\/DSC_7677-e.jpg\" data-orig-size=\"1600,1067\" data-comments-opened=\"\" data-image-meta=\"{&quot;aperture&quot;:&quot;6.3&quot;,&quot;credit&quot;:&quot;Harald Poller&quot;,&quot;camera&quot;:&quot;NIKON D3S&quot;,&quot;caption&quot;:&quot;&quot;,&quot;created_timestamp&quot;:&quot;1487518097&quot;,&quot;copyright&quot;:&quot;Harald Poller&quot;,&quot;focal_length&quot;:&quot;400&quot;,&quot;iso&quot;:&quot;800&quot;,&quot;shutter_speed&quot;:&quot;0.00025&quot;,&quot;title&quot;:&quot;&quot;,&quot;orientation&quot;:&quot;1&quot;}\" data-image-title=\"DSC_7677-e\" data-image-description=\"\" data-medium-file=\"https:\/\/i2.wp.com\/harry-fotos.de\/landscapeandothers\/wp-content\/uploads\/2017\/02\/DSC_7677-e.jpg?fit=300%2C200\" data-large-file=\"https:\/\/i2.wp.com\/harry-fotos.de\/landscapeandothers\/wp-content\/uploads\/2017\/02\/DSC_7677-e.jpg?fit=953%2C636\" src=\"https:\/\/i2.wp.com\/harry-fotos.de\/landscapeandothers\/wp-content\/uploads\/2017\/02\/DSC_7677-e.jpg?w=263&#038;h=176\" width=\"263\" height=\"176\" data-original-width=\"263\" data-original-height=\"176\" itemprop=\"http:\/\/schema.org\/image\" title=\"DSC_7677-e\" alt=\"DSC_7677-e\" style=\"width: 263px; height: 176px;\" \/> <\/a> <\/div> <div class=\"tiled-gallery-item tiled-gallery-item-large\" itemprop=\"associatedMedia\" itemscope itemtype=\"http:\/\/schema.org\/ImageObject\"> <a href=\"https:\/\/i1.wp.com\/harry-fotos.de\/landscapeandothers\/wp-content\/uploads\/2017\/02\/DSC_7686-e.jpg\" border=\"0\" itemprop=\"url\" rel=\"lightbox[2106]\"> <meta itemprop=\"width\" content=\"263\"> <meta itemprop=\"height\" content=\"175\"> <img data-attachment-id=\"2121\" data-orig-file=\"http:\/\/harry-fotos.de\/landscapeandothers\/wp-content\/uploads\/2017\/02\/DSC_7686-e.jpg\" data-orig-size=\"1600,1067\" data-comments-opened=\"\" data-image-meta=\"{&quot;aperture&quot;:&quot;6.3&quot;,&quot;credit&quot;:&quot;Harald Poller&quot;,&quot;camera&quot;:&quot;NIKON D3S&quot;,&quot;caption&quot;:&quot;&quot;,&quot;created_timestamp&quot;:&quot;1487518129&quot;,&quot;copyright&quot;:&quot;Harald Poller&quot;,&quot;focal_length&quot;:&quot;400&quot;,&quot;iso&quot;:&quot;800&quot;,&quot;shutter_speed&quot;:&quot;0.0003125&quot;,&quot;title&quot;:&quot;&quot;,&quot;orientation&quot;:&quot;1&quot;}\" data-image-title=\"DSC_7686-e\" data-image-description=\"\" data-medium-file=\"https:\/\/i1.wp.com\/harry-fotos.de\/landscapeandothers\/wp-content\/uploads\/2017\/02\/DSC_7686-e.jpg?fit=300%2C200\" data-large-file=\"https:\/\/i1.wp.com\/harry-fotos.de\/landscapeandothers\/wp-content\/uploads\/2017\/02\/DSC_7686-e.jpg?fit=953%2C636\" src=\"https:\/\/i1.wp.com\/harry-fotos.de\/landscapeandothers\/wp-content\/uploads\/2017\/02\/DSC_7686-e.jpg?w=263&#038;h=175\" width=\"263\" height=\"175\" data-original-width=\"263\" data-original-height=\"175\" itemprop=\"http:\/\/schema.org\/image\" title=\"DSC_7686-e\" alt=\"DSC_7686-e\" style=\"width: 263px; height: 175px;\" \/> <\/a> <\/div> <div class=\"tiled-gallery-item tiled-gallery-item-large\" itemprop=\"associatedMedia\" itemscope itemtype=\"http:\/\/schema.org\/ImageObject\"> <a href=\"https:\/\/i2.wp.com\/harry-fotos.de\/landscapeandothers\/wp-content\/uploads\/2017\/02\/DSC_7698-e.jpg\" border=\"0\" itemprop=\"url\" rel=\"lightbox[2106]\"> <meta itemprop=\"width\" content=\"263\"> <meta itemprop=\"height\" content=\"263\"> <img data-attachment-id=\"2122\" data-orig-file=\"http:\/\/harry-fotos.de\/landscapeandothers\/wp-content\/uploads\/2017\/02\/DSC_7698-e.jpg\" data-orig-size=\"1600,1600\" data-comments-opened=\"\" data-image-meta=\"{&quot;aperture&quot;:&quot;6.3&quot;,&quot;credit&quot;:&quot;Harald Poller&quot;,&quot;camera&quot;:&quot;NIKON D3S&quot;,&quot;caption&quot;:&quot;&quot;,&quot;created_timestamp&quot;:&quot;1487518139&quot;,&quot;copyright&quot;:&quot;Harald Poller&quot;,&quot;focal_length&quot;:&quot;400&quot;,&quot;iso&quot;:&quot;800&quot;,&quot;shutter_speed&quot;:&quot;0.00025&quot;,&quot;title&quot;:&quot;&quot;,&quot;orientation&quot;:&quot;1&quot;}\" data-image-title=\"DSC_7698-e\" data-image-description=\"\" data-medium-file=\"https:\/\/i2.wp.com\/harry-fotos.de\/landscapeandothers\/wp-content\/uploads\/2017\/02\/DSC_7698-e.jpg?fit=300%2C300\" data-large-file=\"https:\/\/i2.wp.com\/harry-fotos.de\/landscapeandothers\/wp-content\/uploads\/2017\/02\/DSC_7698-e.jpg?fit=953%2C953\" src=\"https:\/\/i2.wp.com\/harry-fotos.de\/landscapeandothers\/wp-content\/uploads\/2017\/02\/DSC_7698-e.jpg?w=263&#038;h=263&#038;crop=1\" width=\"263\" height=\"263\" data-original-width=\"263\" data-original-height=\"263\" itemprop=\"http:\/\/schema.org\/image\" title=\"DSC_7698-e\" alt=\"DSC_7698-e\" style=\"width: 263px; height: 263px;\" \/> <\/a> <\/div> <\/div> <!-- close group --> <div class=\"gallery-group images-1\" style=\"width: 418px; height: 626px;\" data-original-width=\"418\" data-original-height=\"626\" > <div class=\"tiled-gallery-item tiled-gallery-item-large\" itemprop=\"associatedMedia\" itemscope itemtype=\"http:\/\/schema.org\/ImageObject\"> <a href=\"https:\/\/i0.wp.com\/harry-fotos.de\/landscapeandothers\/wp-content\/uploads\/2017\/02\/DSC_7702-e.jpg\" border=\"0\" itemprop=\"url\" rel=\"lightbox[2106]\"> <meta itemprop=\"width\" content=\"414\"> <meta itemprop=\"height\" content=\"622\"> <img data-attachment-id=\"2123\" data-orig-file=\"http:\/\/harry-fotos.de\/landscapeandothers\/wp-content\/uploads\/2017\/02\/DSC_7702-e.jpg\" data-orig-size=\"1065,1600\" data-comments-opened=\"\" data-image-meta=\"{&quot;aperture&quot;:&quot;6.3&quot;,&quot;credit&quot;:&quot;Harald Poller&quot;,&quot;camera&quot;:&quot;NIKON D3S&quot;,&quot;caption&quot;:&quot;&quot;,&quot;created_timestamp&quot;:&quot;1487518152&quot;,&quot;copyright&quot;:&quot;Harald Poller&quot;,&quot;focal_length&quot;:&quot;400&quot;,&quot;iso&quot;:&quot;800&quot;,&quot;shutter_speed&quot;:&quot;0.00025&quot;,&quot;title&quot;:&quot;&quot;,&quot;orientation&quot;:&quot;1&quot;}\" data-image-title=\"DSC_7702-e\" data-image-description=\"\" data-medium-file=\"https:\/\/i0.wp.com\/harry-fotos.de\/landscapeandothers\/wp-content\/uploads\/2017\/02\/DSC_7702-e.jpg?fit=200%2C300\" data-large-file=\"https:\/\/i0.wp.com\/harry-fotos.de\/landscapeandothers\/wp-content\/uploads\/2017\/02\/DSC_7702-e.jpg?fit=682%2C1024\" src=\"https:\/\/i0.wp.com\/harry-fotos.de\/landscapeandothers\/wp-content\/uploads\/2017\/02\/DSC_7702-e.jpg?w=414&#038;h=622\" width=\"414\" height=\"622\" data-original-width=\"414\" data-original-height=\"622\" itemprop=\"http:\/\/schema.org\/image\" title=\"DSC_7702-e\" alt=\"DSC_7702-e\" style=\"width: 414px; height: 622px;\" \/> <\/a> <\/div> <\/div> <!-- close group --> <div class=\"gallery-group images-3\" style=\"width: 268px; height: 626px;\" data-original-width=\"268\" data-original-height=\"626\" > <div class=\"tiled-gallery-item tiled-gallery-item-large\" itemprop=\"associatedMedia\" itemscope itemtype=\"http:\/\/schema.org\/ImageObject\"> <a href=\"https:\/\/i1.wp.com\/harry-fotos.de\/landscapeandothers\/wp-content\/uploads\/2017\/02\/DSC_7707-e.jpg\" border=\"0\" itemprop=\"url\" rel=\"lightbox[2106]\"> <meta itemprop=\"width\" content=\"264\"> <meta itemprop=\"height\" content=\"263\"> <img data-attachment-id=\"2124\" data-orig-file=\"http:\/\/harry-fotos.de\/landscapeandothers\/wp-content\/uploads\/2017\/02\/DSC_7707-e.jpg\" data-orig-size=\"1600,1600\" data-comments-opened=\"\" data-image-meta=\"{&quot;aperture&quot;:&quot;6.3&quot;,&quot;credit&quot;:&quot;Harald Poller&quot;,&quot;camera&quot;:&quot;NIKON D3S&quot;,&quot;caption&quot;:&quot;&quot;,&quot;created_timestamp&quot;:&quot;1487518168&quot;,&quot;copyright&quot;:&quot;Harald Poller&quot;,&quot;focal_length&quot;:&quot;240&quot;,&quot;iso&quot;:&quot;800&quot;,&quot;shutter_speed&quot;:&quot;0.0005&quot;,&quot;title&quot;:&quot;&quot;,&quot;orientation&quot;:&quot;1&quot;}\" data-image-title=\"DSC_7707-e\" data-image-description=\"\" data-medium-file=\"https:\/\/i1.wp.com\/harry-fotos.de\/landscapeandothers\/wp-content\/uploads\/2017\/02\/DSC_7707-e.jpg?fit=300%2C300\" data-large-file=\"https:\/\/i1.wp.com\/harry-fotos.de\/landscapeandothers\/wp-content\/uploads\/2017\/02\/DSC_7707-e.jpg?fit=953%2C953\" src=\"https:\/\/i1.wp.com\/harry-fotos.de\/landscapeandothers\/wp-content\/uploads\/2017\/02\/DSC_7707-e.jpg?w=264&#038;h=263\" width=\"264\" height=\"263\" data-original-width=\"264\" data-original-height=\"263\" itemprop=\"http:\/\/schema.org\/image\" title=\"DSC_7707-e\" alt=\"DSC_7707-e\" style=\"width: 264px; height: 263px;\" \/> <\/a> <\/div> <div class=\"tiled-gallery-item tiled-gallery-item-large\" itemprop=\"associatedMedia\" itemscope itemtype=\"http:\/\/schema.org\/ImageObject\"> <a href=\"https:\/\/i0.wp.com\/harry-fotos.de\/landscapeandothers\/wp-content\/uploads\/2017\/02\/DSC_7710-e.jpg\" border=\"0\" itemprop=\"url\" rel=\"lightbox[2106]\"> <meta itemprop=\"width\" content=\"264\"> <meta itemprop=\"height\" content=\"176\"> <img data-attachment-id=\"2125\" data-orig-file=\"http:\/\/harry-fotos.de\/landscapeandothers\/wp-content\/uploads\/2017\/02\/DSC_7710-e.jpg\" data-orig-size=\"1600,1067\" data-comments-opened=\"\" data-image-meta=\"{&quot;aperture&quot;:&quot;6.3&quot;,&quot;credit&quot;:&quot;Harald Poller&quot;,&quot;camera&quot;:&quot;NIKON D3S&quot;,&quot;caption&quot;:&quot;&quot;,&quot;created_timestamp&quot;:&quot;1487518232&quot;,&quot;copyright&quot;:&quot;Harald Poller&quot;,&quot;focal_length&quot;:&quot;400&quot;,&quot;iso&quot;:&quot;800&quot;,&quot;shutter_speed&quot;:&quot;0.0015625&quot;,&quot;title&quot;:&quot;&quot;,&quot;orientation&quot;:&quot;1&quot;}\" data-image-title=\"DSC_7710-e\" data-image-description=\"\" data-medium-file=\"https:\/\/i0.wp.com\/harry-fotos.de\/landscapeandothers\/wp-content\/uploads\/2017\/02\/DSC_7710-e.jpg?fit=300%2C200\" data-large-file=\"https:\/\/i0.wp.com\/harry-fotos.de\/landscapeandothers\/wp-content\/uploads\/2017\/02\/DSC_7710-e.jpg?fit=953%2C636\" src=\"https:\/\/i0.wp.com\/harry-fotos.de\/landscapeandothers\/wp-content\/uploads\/2017\/02\/DSC_7710-e.jpg?w=264&#038;h=176\" width=\"264\" height=\"176\" data-original-width=\"264\" data-original-height=\"176\" itemprop=\"http:\/\/schema.org\/image\" title=\"DSC_7710-e\" alt=\"DSC_7710-e\" style=\"width: 264px; height: 176px;\" \/> <\/a> <\/div> <div class=\"tiled-gallery-item tiled-gallery-item-large\" itemprop=\"associatedMedia\" itemscope itemtype=\"http:\/\/schema.org\/ImageObject\"> <a href=\"https:\/\/i0.wp.com\/harry-fotos.de\/landscapeandothers\/wp-content\/uploads\/2017\/02\/DSC_7727-e.jpg\" border=\"0\" itemprop=\"url\" rel=\"lightbox[2106]\"> <meta itemprop=\"width\" content=\"264\"> <meta itemprop=\"height\" content=\"175\"> <img data-attachment-id=\"2126\" data-orig-file=\"http:\/\/harry-fotos.de\/landscapeandothers\/wp-content\/uploads\/2017\/02\/DSC_7727-e.jpg\" data-orig-size=\"1600,1065\" data-comments-opened=\"\" data-image-meta=\"{&quot;aperture&quot;:&quot;6.3&quot;,&quot;credit&quot;:&quot;Harald Poller&quot;,&quot;camera&quot;:&quot;NIKON D3S&quot;,&quot;caption&quot;:&quot;&quot;,&quot;created_timestamp&quot;:&quot;1487518337&quot;,&quot;copyright&quot;:&quot;Harald Poller&quot;,&quot;focal_length&quot;:&quot;400&quot;,&quot;iso&quot;:&quot;800&quot;,&quot;shutter_speed&quot;:&quot;0.00025&quot;,&quot;title&quot;:&quot;&quot;,&quot;orientation&quot;:&quot;1&quot;}\" data-image-title=\"DSC_7727-e\" data-image-description=\"\" data-medium-file=\"https:\/\/i0.wp.com\/harry-fotos.de\/landscapeandothers\/wp-content\/uploads\/2017\/02\/DSC_7727-e.jpg?fit=300%2C200\" data-large-file=\"https:\/\/i0.wp.com\/harry-fotos.de\/landscapeandothers\/wp-content\/uploads\/2017\/02\/DSC_7727-e.jpg?fit=953%2C635\" src=\"https:\/\/i0.wp.com\/harry-fotos.de\/landscapeandothers\/wp-content\/uploads\/2017\/02\/DSC_7727-e.jpg?w=264&#038;h=175\" width=\"264\" height=\"175\" data-original-width=\"264\" data-original-height=\"175\" itemprop=\"http:\/\/schema.org\/image\" title=\"DSC_7727-e\" alt=\"DSC_7727-e\" style=\"width: 264px; height: 175px;\" \/> <\/a> <\/div> <\/div> <!-- close group --> <\/div> <!-- close row --> <div class=\"gallery-row\" style=\"width: 953px; height: 425px;\" data-original-width=\"953\" data-original-height=\"425\" > <div class=\"gallery-group images-1\" style=\"width: 636px; height: 425px;\" data-original-width=\"636\" data-original-height=\"425\" > <div class=\"tiled-gallery-item tiled-gallery-item-large\" itemprop=\"associatedMedia\" itemscope itemtype=\"http:\/\/schema.org\/ImageObject\"> <a href=\"https:\/\/i1.wp.com\/harry-fotos.de\/landscapeandothers\/wp-content\/uploads\/2017\/02\/DSC_7740-e.jpg\" border=\"0\" itemprop=\"url\" rel=\"lightbox[2106]\"> <meta itemprop=\"width\" content=\"632\"> <meta itemprop=\"height\" content=\"421\"> <img data-attachment-id=\"2127\" data-orig-file=\"http:\/\/harry-fotos.de\/landscapeandothers\/wp-content\/uploads\/2017\/02\/DSC_7740-e.jpg\" data-orig-size=\"1600,1067\" data-comments-opened=\"\" data-image-meta=\"{&quot;aperture&quot;:&quot;6.3&quot;,&quot;credit&quot;:&quot;Harald Poller&quot;,&quot;camera&quot;:&quot;NIKON D3S&quot;,&quot;caption&quot;:&quot;&quot;,&quot;created_timestamp&quot;:&quot;1487518393&quot;,&quot;copyright&quot;:&quot;Harald Poller&quot;,&quot;focal_length&quot;:&quot;360&quot;,&quot;iso&quot;:&quot;800&quot;,&quot;shutter_speed&quot;:&quot;0.0005&quot;,&quot;title&quot;:&quot;&quot;,&quot;orientation&quot;:&quot;1&quot;}\" data-image-title=\"DSC_7740-e\" data-image-description=\"\" data-medium-file=\"https:\/\/i1.wp.com\/harry-fotos.de\/landscapeandothers\/wp-content\/uploads\/2017\/02\/DSC_7740-e.jpg?fit=300%2C200\" data-large-file=\"https:\/\/i1.wp.com\/harry-fotos.de\/landscapeandothers\/wp-content\/uploads\/2017\/02\/DSC_7740-e.jpg?fit=953%2C636\" src=\"https:\/\/i1.wp.com\/harry-fotos.de\/landscapeandothers\/wp-content\/uploads\/2017\/02\/DSC_7740-e.jpg?w=632&#038;h=421\" width=\"632\" height=\"421\" data-original-width=\"632\" data-original-height=\"421\" itemprop=\"http:\/\/schema.org\/image\" title=\"DSC_7740-e\" alt=\"DSC_7740-e\" style=\"width: 632px; height: 421px;\" \/> <\/a> <\/div> <\/div> <!-- close group --> <div class=\"gallery-group images-2\" style=\"width: 317px; height: 425px;\" data-original-width=\"317\" data-original-height=\"425\" > <div class=\"tiled-gallery-item tiled-gallery-item-large\" itemprop=\"associatedMedia\" itemscope itemtype=\"http:\/\/schema.org\/ImageObject\"> <a href=\"https:\/\/i0.wp.com\/harry-fotos.de\/landscapeandothers\/wp-content\/uploads\/2017\/02\/DSC_7743-e.jpg\" border=\"0\" itemprop=\"url\" rel=\"lightbox[2106]\"> <meta itemprop=\"width\" content=\"313\"> <meta itemprop=\"height\" content=\"209\"> <img data-attachment-id=\"2128\" data-orig-file=\"http:\/\/harry-fotos.de\/landscapeandothers\/wp-content\/uploads\/2017\/02\/DSC_7743-e.jpg\" data-orig-size=\"1600,1065\" data-comments-opened=\"\" data-image-meta=\"{&quot;aperture&quot;:&quot;6.3&quot;,&quot;credit&quot;:&quot;Harald Poller&quot;,&quot;camera&quot;:&quot;NIKON D3S&quot;,&quot;caption&quot;:&quot;&quot;,&quot;created_timestamp&quot;:&quot;1487518395&quot;,&quot;copyright&quot;:&quot;Harald Poller&quot;,&quot;focal_length&quot;:&quot;360&quot;,&quot;iso&quot;:&quot;800&quot;,&quot;shutter_speed&quot;:&quot;0.0004&quot;,&quot;title&quot;:&quot;&quot;,&quot;orientation&quot;:&quot;1&quot;}\" data-image-title=\"DSC_7743-e\" data-image-description=\"\" data-medium-file=\"https:\/\/i0.wp.com\/harry-fotos.de\/landscapeandothers\/wp-content\/uploads\/2017\/02\/DSC_7743-e.jpg?fit=300%2C200\" data-large-file=\"https:\/\/i0.wp.com\/harry-fotos.de\/landscapeandothers\/wp-content\/uploads\/2017\/02\/DSC_7743-e.jpg?fit=953%2C635\" src=\"https:\/\/i0.wp.com\/harry-fotos.de\/landscapeandothers\/wp-content\/uploads\/2017\/02\/DSC_7743-e.jpg?w=313&#038;h=209\" width=\"313\" height=\"209\" data-original-width=\"313\" data-original-height=\"209\" itemprop=\"http:\/\/schema.org\/image\" title=\"DSC_7743-e\" alt=\"DSC_7743-e\" style=\"width: 313px; height: 209px;\" \/> <\/a> <\/div> <div class=\"tiled-gallery-item tiled-gallery-item-large\" itemprop=\"associatedMedia\" itemscope itemtype=\"http:\/\/schema.org\/ImageObject\"> <a href=\"https:\/\/i1.wp.com\/harry-fotos.de\/landscapeandothers\/wp-content\/uploads\/2017\/02\/DSC_7748-e.jpg\" border=\"0\" itemprop=\"url\" rel=\"lightbox[2106]\"> <meta itemprop=\"width\" content=\"313\"> <meta itemprop=\"height\" content=\"208\"> <img data-attachment-id=\"2129\" data-orig-file=\"http:\/\/harry-fotos.de\/landscapeandothers\/wp-content\/uploads\/2017\/02\/DSC_7748-e.jpg\" data-orig-size=\"1600,1065\" data-comments-opened=\"\" data-image-meta=\"{&quot;aperture&quot;:&quot;6.3&quot;,&quot;credit&quot;:&quot;Harald Poller&quot;,&quot;camera&quot;:&quot;NIKON D3S&quot;,&quot;caption&quot;:&quot;&quot;,&quot;created_timestamp&quot;:&quot;1487518406&quot;,&quot;copyright&quot;:&quot;Harald Poller&quot;,&quot;focal_length&quot;:&quot;400&quot;,&quot;iso&quot;:&quot;800&quot;,&quot;shutter_speed&quot;:&quot;0.0003125&quot;,&quot;title&quot;:&quot;&quot;,&quot;orientation&quot;:&quot;1&quot;}\" data-image-title=\"DSC_7748-e\" data-image-description=\"\" data-medium-file=\"https:\/\/i1.wp.com\/harry-fotos.de\/landscapeandothers\/wp-content\/uploads\/2017\/02\/DSC_7748-e.jpg?fit=300%2C200\" data-large-file=\"https:\/\/i1.wp.com\/harry-fotos.de\/landscapeandothers\/wp-content\/uploads\/2017\/02\/DSC_7748-e.jpg?fit=953%2C635\" src=\"https:\/\/i1.wp.com\/harry-fotos.de\/landscapeandothers\/wp-content\/uploads\/2017\/02\/DSC_7748-e.jpg?w=313&#038;h=208\" width=\"313\" height=\"208\" data-original-width=\"313\" data-original-height=\"208\" itemprop=\"http:\/\/schema.org\/image\" title=\"DSC_7748-e\" alt=\"DSC_7748-e\" style=\"width: 313px; height: 208px;\" \/> <\/a> <\/div> <\/div> <!-- close group --> <\/div> <!-- close row --> <div class=\"gallery-row\" style=\"width: 953px; height: 425px;\" data-original-width=\"953\" data-original-height=\"425\" > <div class=\"gallery-group images-2\" style=\"width: 317px; height: 425px;\" data-original-width=\"317\" data-original-height=\"425\" > <div class=\"tiled-gallery-item tiled-gallery-item-large\" itemprop=\"associatedMedia\" itemscope itemtype=\"http:\/\/schema.org\/ImageObject\"> <a href=\"https:\/\/i2.wp.com\/harry-fotos.de\/landscapeandothers\/wp-content\/uploads\/2017\/02\/DSC_7769-e.jpg\" border=\"0\" itemprop=\"url\" rel=\"lightbox[2106]\"> <meta itemprop=\"width\" content=\"313\"> <meta itemprop=\"height\" content=\"209\"> <img data-attachment-id=\"2130\" data-orig-file=\"http:\/\/harry-fotos.de\/landscapeandothers\/wp-content\/uploads\/2017\/02\/DSC_7769-e.jpg\" data-orig-size=\"1600,1065\" data-comments-opened=\"\" data-image-meta=\"{&quot;aperture&quot;:&quot;6.3&quot;,&quot;credit&quot;:&quot;Harald Poller&quot;,&quot;camera&quot;:&quot;NIKON D3S&quot;,&quot;caption&quot;:&quot;&quot;,&quot;created_timestamp&quot;:&quot;1487518429&quot;,&quot;copyright&quot;:&quot;Harald Poller&quot;,&quot;focal_length&quot;:&quot;400&quot;,&quot;iso&quot;:&quot;800&quot;,&quot;shutter_speed&quot;:&quot;0.0003125&quot;,&quot;title&quot;:&quot;&quot;,&quot;orientation&quot;:&quot;1&quot;}\" data-image-title=\"DSC_7769-e\" data-image-description=\"\" data-medium-file=\"https:\/\/i2.wp.com\/harry-fotos.de\/landscapeandothers\/wp-content\/uploads\/2017\/02\/DSC_7769-e.jpg?fit=300%2C200\" data-large-file=\"https:\/\/i2.wp.com\/harry-fotos.de\/landscapeandothers\/wp-content\/uploads\/2017\/02\/DSC_7769-e.jpg?fit=953%2C635\" src=\"https:\/\/i2.wp.com\/harry-fotos.de\/landscapeandothers\/wp-content\/uploads\/2017\/02\/DSC_7769-e.jpg?w=313&#038;h=209\" width=\"313\" height=\"209\" data-original-width=\"313\" data-original-height=\"209\" itemprop=\"http:\/\/schema.org\/image\" title=\"DSC_7769-e\" alt=\"DSC_7769-e\" style=\"width: 313px; height: 209px;\" \/> <\/a> <\/div> <div class=\"tiled-gallery-item tiled-gallery-item-large\" itemprop=\"associatedMedia\" itemscope itemtype=\"http:\/\/schema.org\/ImageObject\"> <a href=\"https:\/\/i1.wp.com\/harry-fotos.de\/landscapeandothers\/wp-content\/uploads\/2017\/02\/DSC_7779-e.jpg\" border=\"0\" itemprop=\"url\" rel=\"lightbox[2106]\"> <meta itemprop=\"width\" content=\"313\"> <meta itemprop=\"height\" content=\"208\"> <img data-attachment-id=\"2131\" data-orig-file=\"http:\/\/harry-fotos.de\/landscapeandothers\/wp-content\/uploads\/2017\/02\/DSC_7779-e.jpg\" data-orig-size=\"1600,1065\" data-comments-opened=\"\" data-image-meta=\"{&quot;aperture&quot;:&quot;6.3&quot;,&quot;credit&quot;:&quot;Harald Poller&quot;,&quot;camera&quot;:&quot;NIKON D3S&quot;,&quot;caption&quot;:&quot;&quot;,&quot;created_timestamp&quot;:&quot;1487518452&quot;,&quot;copyright&quot;:&quot;Harald Poller&quot;,&quot;focal_length&quot;:&quot;400&quot;,&quot;iso&quot;:&quot;800&quot;,&quot;shutter_speed&quot;:&quot;0.0003125&quot;,&quot;title&quot;:&quot;&quot;,&quot;orientation&quot;:&quot;1&quot;}\" data-image-title=\"DSC_7779-e\" data-image-description=\"\" data-medium-file=\"https:\/\/i1.wp.com\/harry-fotos.de\/landscapeandothers\/wp-content\/uploads\/2017\/02\/DSC_7779-e.jpg?fit=300%2C200\" data-large-file=\"https:\/\/i1.wp.com\/harry-fotos.de\/landscapeandothers\/wp-content\/uploads\/2017\/02\/DSC_7779-e.jpg?fit=953%2C635\" src=\"https:\/\/i1.wp.com\/harry-fotos.de\/landscapeandothers\/wp-content\/uploads\/2017\/02\/DSC_7779-e.jpg?w=313&#038;h=208\" width=\"313\" height=\"208\" data-original-width=\"313\" data-original-height=\"208\" itemprop=\"http:\/\/schema.org\/image\" title=\"DSC_7779-e\" alt=\"DSC_7779-e\" style=\"width: 313px; height: 208px;\" \/> <\/a> <\/div> <\/div> <!-- close group --> <div class=\"gallery-group images-1\" style=\"width: 636px; height: 425px;\" data-original-width=\"636\" data-original-height=\"425\" > <div class=\"tiled-gallery-item tiled-gallery-item-large\" itemprop=\"associatedMedia\" itemscope itemtype=\"http:\/\/schema.org\/ImageObject\"> <a href=\"https:\/\/i0.wp.com\/harry-fotos.de\/landscapeandothers\/wp-content\/uploads\/2017\/02\/DSC_7800-e.jpg\" border=\"0\" itemprop=\"url\" rel=\"lightbox[2106]\"> <meta itemprop=\"width\" content=\"632\"> <meta itemprop=\"height\" content=\"421\"> <img data-attachment-id=\"2132\" data-orig-file=\"http:\/\/harry-fotos.de\/landscapeandothers\/wp-content\/uploads\/2017\/02\/DSC_7800-e.jpg\" data-orig-size=\"1600,1066\" data-comments-opened=\"\" data-image-meta=\"{&quot;aperture&quot;:&quot;6.3&quot;,&quot;credit&quot;:&quot;Harald Poller&quot;,&quot;camera&quot;:&quot;NIKON D3S&quot;,&quot;caption&quot;:&quot;&quot;,&quot;created_timestamp&quot;:&quot;1487518529&quot;,&quot;copyright&quot;:&quot;Harald Poller&quot;,&quot;focal_length&quot;:&quot;400&quot;,&quot;iso&quot;:&quot;800&quot;,&quot;shutter_speed&quot;:&quot;0.00025&quot;,&quot;title&quot;:&quot;&quot;,&quot;orientation&quot;:&quot;1&quot;}\" data-image-title=\"DSC_7800-e\" data-image-description=\"\" data-medium-file=\"https:\/\/i0.wp.com\/harry-fotos.de\/landscapeandothers\/wp-content\/uploads\/2017\/02\/DSC_7800-e.jpg?fit=300%2C200\" data-large-file=\"https:\/\/i0.wp.com\/harry-fotos.de\/landscapeandothers\/wp-content\/uploads\/2017\/02\/DSC_7800-e.jpg?fit=953%2C635\" src=\"https:\/\/i0.wp.com\/harry-fotos.de\/landscapeandothers\/wp-content\/uploads\/2017\/02\/DSC_7800-e.jpg?w=632&#038;h=421\" width=\"632\" height=\"421\" data-original-width=\"632\" data-original-height=\"421\" itemprop=\"http:\/\/schema.org\/image\" title=\"DSC_7800-e\" alt=\"DSC_7800-e\" style=\"width: 632px; height: 421px;\" \/> <\/a> <\/div> <\/div> <!-- close group --> <\/div> <!-- close row --> <div class=\"gallery-row\" style=\"width: 953px; height: 818px;\" data-original-width=\"953\" data-original-height=\"818\" > <div class=\"gallery-group images-3\" style=\"width: 407px; height: 818px;\" data-original-width=\"407\" data-original-height=\"818\" > <div class=\"tiled-gallery-item tiled-gallery-item-large\" itemprop=\"associatedMedia\" itemscope itemtype=\"http:\/\/schema.org\/ImageObject\"> <a href=\"https:\/\/i0.wp.com\/harry-fotos.de\/landscapeandothers\/wp-content\/uploads\/2017\/02\/DSC_7856-e.jpg\" border=\"0\" itemprop=\"url\" rel=\"lightbox[2106]\"> <meta itemprop=\"width\" content=\"403\"> <meta itemprop=\"height\" content=\"269\"> <img data-attachment-id=\"2133\" data-orig-file=\"http:\/\/harry-fotos.de\/landscapeandothers\/wp-content\/uploads\/2017\/02\/DSC_7856-e.jpg\" data-orig-size=\"1600,1065\" data-comments-opened=\"\" data-image-meta=\"{&quot;aperture&quot;:&quot;5.6&quot;,&quot;credit&quot;:&quot;Harald Poller&quot;,&quot;camera&quot;:&quot;NIKON D3S&quot;,&quot;caption&quot;:&quot;&quot;,&quot;created_timestamp&quot;:&quot;1487519983&quot;,&quot;copyright&quot;:&quot;Harald Poller&quot;,&quot;focal_length&quot;:&quot;340&quot;,&quot;iso&quot;:&quot;800&quot;,&quot;shutter_speed&quot;:&quot;0.000625&quot;,&quot;title&quot;:&quot;&quot;,&quot;orientation&quot;:&quot;1&quot;}\" data-image-title=\"DSC_7856-e\" data-image-description=\"\" data-medium-file=\"https:\/\/i0.wp.com\/harry-fotos.de\/landscapeandothers\/wp-content\/uploads\/2017\/02\/DSC_7856-e.jpg?fit=300%2C200\" data-large-file=\"https:\/\/i0.wp.com\/harry-fotos.de\/landscapeandothers\/wp-content\/uploads\/2017\/02\/DSC_7856-e.jpg?fit=953%2C635\" src=\"https:\/\/i0.wp.com\/harry-fotos.de\/landscapeandothers\/wp-content\/uploads\/2017\/02\/DSC_7856-e.jpg?w=403&#038;h=269\" width=\"403\" height=\"269\" data-original-width=\"403\" data-original-height=\"269\" itemprop=\"http:\/\/schema.org\/image\" title=\"DSC_7856-e\" alt=\"DSC_7856-e\" style=\"width: 403px; height: 269px;\" \/> <\/a> <\/div> <div class=\"tiled-gallery-item tiled-gallery-item-large\" itemprop=\"associatedMedia\" itemscope itemtype=\"http:\/\/schema.org\/ImageObject\"> <a href=\"https:\/\/i1.wp.com\/harry-fotos.de\/landscapeandothers\/wp-content\/uploads\/2017\/02\/DSC_7864-e.jpg\" border=\"0\" itemprop=\"url\" rel=\"lightbox[2106]\"> <meta itemprop=\"width\" content=\"403\"> <meta itemprop=\"height\" content=\"269\"> <img data-attachment-id=\"2134\" data-orig-file=\"http:\/\/harry-fotos.de\/landscapeandothers\/wp-content\/uploads\/2017\/02\/DSC_7864-e.jpg\" data-orig-size=\"1600,1065\" data-comments-opened=\"\" data-image-meta=\"{&quot;aperture&quot;:&quot;6.3&quot;,&quot;credit&quot;:&quot;Harald Poller&quot;,&quot;camera&quot;:&quot;NIKON D3S&quot;,&quot;caption&quot;:&quot;&quot;,&quot;created_timestamp&quot;:&quot;1487520018&quot;,&quot;copyright&quot;:&quot;Harald Poller&quot;,&quot;focal_length&quot;:&quot;400&quot;,&quot;iso&quot;:&quot;800&quot;,&quot;shutter_speed&quot;:&quot;0.000625&quot;,&quot;title&quot;:&quot;&quot;,&quot;orientation&quot;:&quot;1&quot;}\" data-image-title=\"DSC_7864-e\" data-image-description=\"\" data-medium-file=\"https:\/\/i1.wp.com\/harry-fotos.de\/landscapeandothers\/wp-content\/uploads\/2017\/02\/DSC_7864-e.jpg?fit=300%2C200\" data-large-file=\"https:\/\/i1.wp.com\/harry-fotos.de\/landscapeandothers\/wp-content\/uploads\/2017\/02\/DSC_7864-e.jpg?fit=953%2C635\" src=\"https:\/\/i1.wp.com\/harry-fotos.de\/landscapeandothers\/wp-content\/uploads\/2017\/02\/DSC_7864-e.jpg?w=403&#038;h=269\" width=\"403\" height=\"269\" data-original-width=\"403\" data-original-height=\"269\" itemprop=\"http:\/\/schema.org\/image\" title=\"DSC_7864-e\" alt=\"DSC_7864-e\" style=\"width: 403px; height: 269px;\" \/> <\/a> <\/div> <div class=\"tiled-gallery-item tiled-gallery-item-large\" itemprop=\"associatedMedia\" itemscope itemtype=\"http:\/\/schema.org\/ImageObject\"> <a href=\"https:\/\/i1.wp.com\/harry-fotos.de\/landscapeandothers\/wp-content\/uploads\/2017\/02\/DSC_7875-e.jpg\" border=\"0\" itemprop=\"url\" rel=\"lightbox[2106]\"> <meta itemprop=\"width\" content=\"403\"> <meta itemprop=\"height\" content=\"268\"> <img data-attachment-id=\"2135\" data-orig-file=\"http:\/\/harry-fotos.de\/landscapeandothers\/wp-content\/uploads\/2017\/02\/DSC_7875-e.jpg\" data-orig-size=\"1600,1065\" data-comments-opened=\"\" data-image-meta=\"{&quot;aperture&quot;:&quot;6.3&quot;,&quot;credit&quot;:&quot;Harald Poller&quot;,&quot;camera&quot;:&quot;NIKON D3S&quot;,&quot;caption&quot;:&quot;&quot;,&quot;created_timestamp&quot;:&quot;1487520117&quot;,&quot;copyright&quot;:&quot;Harald Poller&quot;,&quot;focal_length&quot;:&quot;400&quot;,&quot;iso&quot;:&quot;800&quot;,&quot;shutter_speed&quot;:&quot;0.003125&quot;,&quot;title&quot;:&quot;&quot;,&quot;orientation&quot;:&quot;1&quot;}\" data-image-title=\"DSC_7875-e\" data-image-description=\"\" data-medium-file=\"https:\/\/i1.wp.com\/harry-fotos.de\/landscapeandothers\/wp-content\/uploads\/2017\/02\/DSC_7875-e.jpg?fit=300%2C200\" data-large-file=\"https:\/\/i1.wp.com\/harry-fotos.de\/landscapeandothers\/wp-content\/uploads\/2017\/02\/DSC_7875-e.jpg?fit=953%2C635\" src=\"https:\/\/i1.wp.com\/harry-fotos.de\/landscapeandothers\/wp-content\/uploads\/2017\/02\/DSC_7875-e.jpg?w=403&#038;h=268\" width=\"403\" height=\"268\" data-original-width=\"403\" data-original-height=\"268\" itemprop=\"http:\/\/schema.org\/image\" title=\"DSC_7875-e\" alt=\"DSC_7875-e\" style=\"width: 403px; height: 268px;\" \/> <\/a> <\/div> <\/div> <!-- close group --> <div class=\"gallery-group images-1\" style=\"width: 546px; height: 818px;\" data-original-width=\"546\" data-original-height=\"818\" > <div class=\"tiled-gallery-item tiled-gallery-item-large\" itemprop=\"associatedMedia\" itemscope itemtype=\"http:\/\/schema.org\/ImageObject\"> <a href=\"https:\/\/i1.wp.com\/harry-fotos.de\/landscapeandothers\/wp-content\/uploads\/2017\/02\/DSC_7908-e.jpg\" border=\"0\" itemprop=\"url\" rel=\"lightbox[2106]\"> <meta itemprop=\"width\" content=\"542\"> <meta itemprop=\"height\" content=\"814\"> <img data-attachment-id=\"2136\" data-orig-file=\"http:\/\/harry-fotos.de\/landscapeandothers\/wp-content\/uploads\/2017\/02\/DSC_7908-e.jpg\" data-orig-size=\"1065,1600\" data-comments-opened=\"\" data-image-meta=\"{&quot;aperture&quot;:&quot;6.3&quot;,&quot;credit&quot;:&quot;Harald Poller&quot;,&quot;camera&quot;:&quot;NIKON D3S&quot;,&quot;caption&quot;:&quot;&quot;,&quot;created_timestamp&quot;:&quot;1487520352&quot;,&quot;copyright&quot;:&quot;Harald Poller&quot;,&quot;focal_length&quot;:&quot;210&quot;,&quot;iso&quot;:&quot;6400&quot;,&quot;shutter_speed&quot;:&quot;0.0025&quot;,&quot;title&quot;:&quot;&quot;,&quot;orientation&quot;:&quot;1&quot;}\" data-image-title=\"DSC_7908-e\" data-image-description=\"\" data-medium-file=\"https:\/\/i1.wp.com\/harry-fotos.de\/landscapeandothers\/wp-content\/uploads\/2017\/02\/DSC_7908-e.jpg?fit=200%2C300\" data-large-file=\"https:\/\/i1.wp.com\/harry-fotos.de\/landscapeandothers\/wp-content\/uploads\/2017\/02\/DSC_7908-e.jpg?fit=682%2C1024\" src=\"https:\/\/i1.wp.com\/harry-fotos.de\/landscapeandothers\/wp-content\/uploads\/2017\/02\/DSC_7908-e.jpg?w=542&#038;h=814\" width=\"542\" height=\"814\" data-original-width=\"542\" data-original-height=\"814\" itemprop=\"http:\/\/schema.org\/image\" title=\"DSC_7908-e\" alt=\"DSC_7908-e\" style=\"width: 542px; height: 814px;\" \/> <\/a> <\/div> <\/div> <!-- close group --> <\/div> <!-- close row --> <div class=\"gallery-row\" style=\"width: 953px; height: 213px;\" data-original-width=\"953\" data-original-height=\"213\" > <div class=\"gallery-group images-1\" style=\"width: 318px; height: 213px;\" data-original-width=\"318\" data-original-height=\"213\" > <div class=\"tiled-gallery-item tiled-gallery-item-large\" itemprop=\"associatedMedia\" itemscope itemtype=\"http:\/\/schema.org\/ImageObject\"> <a href=\"https:\/\/i2.wp.com\/harry-fotos.de\/landscapeandothers\/wp-content\/uploads\/2017\/02\/DSC_7918-e.jpg\" border=\"0\" itemprop=\"url\" rel=\"lightbox[2106]\"> <meta itemprop=\"width\" content=\"314\"> <meta itemprop=\"height\" content=\"209\"> <img data-attachment-id=\"2137\" data-orig-file=\"http:\/\/harry-fotos.de\/landscapeandothers\/wp-content\/uploads\/2017\/02\/DSC_7918-e.jpg\" data-orig-size=\"1600,1065\" data-comments-opened=\"\" data-image-meta=\"{&quot;aperture&quot;:&quot;5.6&quot;,&quot;credit&quot;:&quot;Harald Poller&quot;,&quot;camera&quot;:&quot;NIKON D3S&quot;,&quot;caption&quot;:&quot;&quot;,&quot;created_timestamp&quot;:&quot;1487520441&quot;,&quot;copyright&quot;:&quot;Harald Poller&quot;,&quot;focal_length&quot;:&quot;290&quot;,&quot;iso&quot;:&quot;800&quot;,&quot;shutter_speed&quot;:&quot;0.0008&quot;,&quot;title&quot;:&quot;&quot;,&quot;orientation&quot;:&quot;1&quot;}\" data-image-title=\"DSC_7918-e\" data-image-description=\"\" data-medium-file=\"https:\/\/i2.wp.com\/harry-fotos.de\/landscapeandothers\/wp-content\/uploads\/2017\/02\/DSC_7918-e.jpg?fit=300%2C200\" data-large-file=\"https:\/\/i2.wp.com\/harry-fotos.de\/landscapeandothers\/wp-content\/uploads\/2017\/02\/DSC_7918-e.jpg?fit=953%2C635\" src=\"https:\/\/i2.wp.com\/harry-fotos.de\/landscapeandothers\/wp-content\/uploads\/2017\/02\/DSC_7918-e.jpg?w=314&#038;h=209\" width=\"314\" height=\"209\" data-original-width=\"314\" data-original-height=\"209\" itemprop=\"http:\/\/schema.org\/image\" title=\"DSC_7918-e\" alt=\"DSC_7918-e\" style=\"width: 314px; height: 209px;\" \/> <\/a> <\/div> <\/div> <!-- close group --> <div class=\"gallery-group images-1\" style=\"width: 317px; height: 213px;\" data-original-width=\"317\" data-original-height=\"213\" > <div class=\"tiled-gallery-item tiled-gallery-item-large\" itemprop=\"associatedMedia\" itemscope itemtype=\"http:\/\/schema.org\/ImageObject\"> <a href=\"https:\/\/i2.wp.com\/harry-fotos.de\/landscapeandothers\/wp-content\/uploads\/2017\/02\/DSC_7945-e.jpg\" border=\"0\" itemprop=\"url\" rel=\"lightbox[2106]\"> <meta itemprop=\"width\" content=\"313\"> <meta itemprop=\"height\" content=\"209\"> <img data-attachment-id=\"2138\" data-orig-file=\"http:\/\/harry-fotos.de\/landscapeandothers\/wp-content\/uploads\/2017\/02\/DSC_7945-e.jpg\" data-orig-size=\"1600,1066\" data-comments-opened=\"\" data-image-meta=\"{&quot;aperture&quot;:&quot;5.6&quot;,&quot;credit&quot;:&quot;Harald Poller&quot;,&quot;camera&quot;:&quot;NIKON D3S&quot;,&quot;caption&quot;:&quot;&quot;,&quot;created_timestamp&quot;:&quot;1487520925&quot;,&quot;copyright&quot;:&quot;Harald Poller&quot;,&quot;focal_length&quot;:&quot;400&quot;,&quot;iso&quot;:&quot;800&quot;,&quot;shutter_speed&quot;:&quot;0.001&quot;,&quot;title&quot;:&quot;&quot;,&quot;orientation&quot;:&quot;1&quot;}\" data-image-title=\"DSC_7945-e\" data-image-description=\"\" data-medium-file=\"https:\/\/i2.wp.com\/harry-fotos.de\/landscapeandothers\/wp-content\/uploads\/2017\/02\/DSC_7945-e.jpg?fit=300%2C200\" data-large-file=\"https:\/\/i2.wp.com\/harry-fotos.de\/landscapeandothers\/wp-content\/uploads\/2017\/02\/DSC_7945-e.jpg?fit=953%2C635\" src=\"https:\/\/i2.wp.com\/harry-fotos.de\/landscapeandothers\/wp-content\/uploads\/2017\/02\/DSC_7945-e.jpg?w=313&#038;h=209\" width=\"313\" height=\"209\" data-original-width=\"313\" data-original-height=\"209\" itemprop=\"http:\/\/schema.org\/image\" title=\"DSC_7945-e\" alt=\"DSC_7945-e\" style=\"width: 313px; height: 209px;\" \/> <\/a> <\/div> <\/div> <!-- close group --> <div class=\"gallery-group images-1\" style=\"width: 318px; height: 213px;\" data-original-width=\"318\" data-original-height=\"213\" > <div class=\"tiled-gallery-item tiled-gallery-item-large\" itemprop=\"associatedMedia\" itemscope itemtype=\"http:\/\/schema.org\/ImageObject\"> <a href=\"https:\/\/i1.wp.com\/harry-fotos.de\/landscapeandothers\/wp-content\/uploads\/2017\/02\/DSC_7953-e.jpg\" border=\"0\" itemprop=\"url\" rel=\"lightbox[2106]\"> <meta itemprop=\"width\" content=\"314\"> <meta itemprop=\"height\" content=\"209\"> <img data-attachment-id=\"2139\" data-orig-file=\"http:\/\/harry-fotos.de\/landscapeandothers\/wp-content\/uploads\/2017\/02\/DSC_7953-e.jpg\" data-orig-size=\"1600,1065\" data-comments-opened=\"\" data-image-meta=\"{&quot;aperture&quot;:&quot;6.3&quot;,&quot;credit&quot;:&quot;Harald Poller&quot;,&quot;camera&quot;:&quot;NIKON D3S&quot;,&quot;caption&quot;:&quot;&quot;,&quot;created_timestamp&quot;:&quot;1487521055&quot;,&quot;copyright&quot;:&quot;Harald Poller&quot;,&quot;focal_length&quot;:&quot;400&quot;,&quot;iso&quot;:&quot;800&quot;,&quot;shutter_speed&quot;:&quot;0.001&quot;,&quot;title&quot;:&quot;&quot;,&quot;orientation&quot;:&quot;1&quot;}\" data-image-title=\"DSC_7953-e\" data-image-description=\"\" data-medium-file=\"https:\/\/i1.wp.com\/harry-fotos.de\/landscapeandothers\/wp-content\/uploads\/2017\/02\/DSC_7953-e.jpg?fit=300%2C200\" data-large-file=\"https:\/\/i1.wp.com\/harry-fotos.de\/landscapeandothers\/wp-content\/uploads\/2017\/02\/DSC_7953-e.jpg?fit=953%2C635\" src=\"https:\/\/i1.wp.com\/harry-fotos.de\/landscapeandothers\/wp-content\/uploads\/2017\/02\/DSC_7953-e.jpg?w=314&#038;h=209\" width=\"314\" height=\"209\" data-original-width=\"314\" data-original-height=\"209\" itemprop=\"http:\/\/schema.org\/image\" title=\"DSC_7953-e\" alt=\"DSC_7953-e\" style=\"width: 314px; height: 209px;\" \/> <\/a> <\/div> <\/div> <!-- close group --> <\/div> <!-- close row --> <div class=\"gallery-row\" style=\"width: 953px; height: 425px;\" data-original-width=\"953\" data-original-height=\"425\" > <div class=\"gallery-group images-1\" style=\"width: 636px; height: 425px;\" data-original-width=\"636\" data-original-height=\"425\" > <div class=\"tiled-gallery-item tiled-gallery-item-large\" itemprop=\"associatedMedia\" itemscope itemtype=\"http:\/\/schema.org\/ImageObject\"> <a href=\"https:\/\/i0.wp.com\/harry-fotos.de\/landscapeandothers\/wp-content\/uploads\/2017\/02\/DSC_7963-e.jpg\" border=\"0\" itemprop=\"url\" rel=\"lightbox[2106]\"> <meta itemprop=\"width\" content=\"632\"> <meta itemprop=\"height\" content=\"421\"> <img data-attachment-id=\"2140\" data-orig-file=\"http:\/\/harry-fotos.de\/landscapeandothers\/wp-content\/uploads\/2017\/02\/DSC_7963-e.jpg\" data-orig-size=\"1600,1065\" data-comments-opened=\"\" data-image-meta=\"{&quot;aperture&quot;:&quot;6.3&quot;,&quot;credit&quot;:&quot;Harald Poller&quot;,&quot;camera&quot;:&quot;NIKON D3S&quot;,&quot;caption&quot;:&quot;&quot;,&quot;created_timestamp&quot;:&quot;1487521061&quot;,&quot;copyright&quot;:&quot;Harald Poller&quot;,&quot;focal_length&quot;:&quot;400&quot;,&quot;iso&quot;:&quot;800&quot;,&quot;shutter_speed&quot;:&quot;0.0015625&quot;,&quot;title&quot;:&quot;&quot;,&quot;orientation&quot;:&quot;1&quot;}\" data-image-title=\"DSC_7963-e\" data-image-description=\"\" data-medium-file=\"https:\/\/i0.wp.com\/harry-fotos.de\/landscapeandothers\/wp-content\/uploads\/2017\/02\/DSC_7963-e.jpg?fit=300%2C200\" data-large-file=\"https:\/\/i0.wp.com\/harry-fotos.de\/landscapeandothers\/wp-content\/uploads\/2017\/02\/DSC_7963-e.jpg?fit=953%2C635\" src=\"https:\/\/i0.wp.com\/harry-fotos.de\/landscapeandothers\/wp-content\/uploads\/2017\/02\/DSC_7963-e.jpg?w=632&#038;h=421\" width=\"632\" height=\"421\" data-original-width=\"632\" data-original-height=\"421\" itemprop=\"http:\/\/schema.org\/image\" title=\"DSC_7963-e\" alt=\"DSC_7963-e\" style=\"width: 632px; height: 421px;\" \/> <\/a> <\/div> <\/div> <!-- close group --> <div class=\"gallery-group images-2\" style=\"width: 317px; height: 425px;\" data-original-width=\"317\" data-original-height=\"425\" > <div class=\"tiled-gallery-item tiled-gallery-item-large\" itemprop=\"associatedMedia\" itemscope itemtype=\"http:\/\/schema.org\/ImageObject\"> <a href=\"https:\/\/i0.wp.com\/harry-fotos.de\/landscapeandothers\/wp-content\/uploads\/2017\/02\/DSC_7966-e.jpg\" border=\"0\" itemprop=\"url\" rel=\"lightbox[2106]\"> <meta itemprop=\"width\" content=\"313\"> <meta itemprop=\"height\" content=\"209\"> <img data-attachment-id=\"2141\" data-orig-file=\"http:\/\/harry-fotos.de\/landscapeandothers\/wp-content\/uploads\/2017\/02\/DSC_7966-e.jpg\" data-orig-size=\"1600,1065\" data-comments-opened=\"\" data-image-meta=\"{&quot;aperture&quot;:&quot;6.3&quot;,&quot;credit&quot;:&quot;Harald Poller&quot;,&quot;camera&quot;:&quot;NIKON D3S&quot;,&quot;caption&quot;:&quot;&quot;,&quot;created_timestamp&quot;:&quot;1487521483&quot;,&quot;copyright&quot;:&quot;Harald Poller&quot;,&quot;focal_length&quot;:&quot;400&quot;,&quot;iso&quot;:&quot;800&quot;,&quot;shutter_speed&quot;:&quot;0.004&quot;,&quot;title&quot;:&quot;&quot;,&quot;orientation&quot;:&quot;1&quot;}\" data-image-title=\"DSC_7966-e\" data-image-description=\"\" data-medium-file=\"https:\/\/i0.wp.com\/harry-fotos.de\/landscapeandothers\/wp-content\/uploads\/2017\/02\/DSC_7966-e.jpg?fit=300%2C200\" data-large-file=\"https:\/\/i0.wp.com\/harry-fotos.de\/landscapeandothers\/wp-content\/uploads\/2017\/02\/DSC_7966-e.jpg?fit=953%2C635\" src=\"https:\/\/i0.wp.com\/harry-fotos.de\/landscapeandothers\/wp-content\/uploads\/2017\/02\/DSC_7966-e.jpg?w=313&#038;h=209\" width=\"313\" height=\"209\" data-original-width=\"313\" data-original-height=\"209\" itemprop=\"http:\/\/schema.org\/image\" title=\"DSC_7966-e\" alt=\"DSC_7966-e\" style=\"width: 313px; height: 209px;\" \/> <\/a> <\/div> <div class=\"tiled-gallery-item tiled-gallery-item-large\" itemprop=\"associatedMedia\" itemscope itemtype=\"http:\/\/schema.org\/ImageObject\"> <a href=\"https:\/\/i2.wp.com\/harry-fotos.de\/landscapeandothers\/wp-content\/uploads\/2017\/02\/DSC_7971-e.jpg\" border=\"0\" itemprop=\"url\" rel=\"lightbox[2106]\"> <meta itemprop=\"width\" content=\"313\"> <meta itemprop=\"height\" content=\"208\"> <img data-attachment-id=\"2142\" data-orig-file=\"http:\/\/harry-fotos.de\/landscapeandothers\/wp-content\/uploads\/2017\/02\/DSC_7971-e.jpg\" data-orig-size=\"1600,1065\" data-comments-opened=\"\" data-image-meta=\"{&quot;aperture&quot;:&quot;6.3&quot;,&quot;credit&quot;:&quot;Harald Poller&quot;,&quot;camera&quot;:&quot;NIKON D3S&quot;,&quot;caption&quot;:&quot;&quot;,&quot;created_timestamp&quot;:&quot;1487521494&quot;,&quot;copyright&quot;:&quot;Harald Poller&quot;,&quot;focal_length&quot;:&quot;400&quot;,&quot;iso&quot;:&quot;800&quot;,&quot;shutter_speed&quot;:&quot;0.004&quot;,&quot;title&quot;:&quot;&quot;,&quot;orientation&quot;:&quot;1&quot;}\" data-image-title=\"DSC_7971-e\" data-image-description=\"\" data-medium-file=\"https:\/\/i2.wp.com\/harry-fotos.de\/landscapeandothers\/wp-content\/uploads\/2017\/02\/DSC_7971-e.jpg?fit=300%2C200\" data-large-file=\"https:\/\/i2.wp.com\/harry-fotos.de\/landscapeandothers\/wp-content\/uploads\/2017\/02\/DSC_7971-e.jpg?fit=953%2C635\" src=\"https:\/\/i2.wp.com\/harry-fotos.de\/landscapeandothers\/wp-content\/uploads\/2017\/02\/DSC_7971-e.jpg?w=313&#038;h=208\" width=\"313\" height=\"208\" data-original-width=\"313\" data-original-height=\"208\" itemprop=\"http:\/\/schema.org\/image\" title=\"DSC_7971-e\" alt=\"DSC_7971-e\" style=\"width: 313px; height: 208px;\" \/> <\/a> <\/div> <\/div> <!-- close group --> <\/div> <!-- close row --> <div class=\"gallery-row\" style=\"width: 953px; height: 673px;\" data-original-width=\"953\" data-original-height=\"673\" > <div class=\"gallery-group images-2\" style=\"width: 503px; height: 673px;\" data-original-width=\"503\" data-original-height=\"673\" > <div class=\"tiled-gallery-item tiled-gallery-item-large\" itemprop=\"associatedMedia\" itemscope itemtype=\"http:\/\/schema.org\/ImageObject\"> <a href=\"https:\/\/i1.wp.com\/harry-fotos.de\/landscapeandothers\/wp-content\/uploads\/2017\/02\/DSC_7998-e.jpg\" border=\"0\" itemprop=\"url\" rel=\"lightbox[2106]\"> <meta itemprop=\"width\" content=\"499\"> <meta itemprop=\"height\" content=\"332\"> <img data-attachment-id=\"2143\" data-orig-file=\"http:\/\/harry-fotos.de\/landscapeandothers\/wp-content\/uploads\/2017\/02\/DSC_7998-e.jpg\" data-orig-size=\"1600,1065\" data-comments-opened=\"\" data-image-meta=\"{&quot;aperture&quot;:&quot;5.6&quot;,&quot;credit&quot;:&quot;Harald Poller&quot;,&quot;camera&quot;:&quot;NIKON D3S&quot;,&quot;caption&quot;:&quot;&quot;,&quot;created_timestamp&quot;:&quot;1487522129&quot;,&quot;copyright&quot;:&quot;Harald Poller&quot;,&quot;focal_length&quot;:&quot;400&quot;,&quot;iso&quot;:&quot;6400&quot;,&quot;shutter_speed&quot;:&quot;0.00625&quot;,&quot;title&quot;:&quot;&quot;,&quot;orientation&quot;:&quot;1&quot;}\" data-image-title=\"DSC_7998-e\" data-image-description=\"\" data-medium-file=\"https:\/\/i1.wp.com\/harry-fotos.de\/landscapeandothers\/wp-content\/uploads\/2017\/02\/DSC_7998-e.jpg?fit=300%2C200\" data-large-file=\"https:\/\/i1.wp.com\/harry-fotos.de\/landscapeandothers\/wp-content\/uploads\/2017\/02\/DSC_7998-e.jpg?fit=953%2C635\" src=\"https:\/\/i1.wp.com\/harry-fotos.de\/landscapeandothers\/wp-content\/uploads\/2017\/02\/DSC_7998-e.jpg?w=499&#038;h=332\" width=\"499\" height=\"332\" data-original-width=\"499\" data-original-height=\"332\" itemprop=\"http:\/\/schema.org\/image\" title=\"DSC_7998-e\" alt=\"DSC_7998-e\" style=\"width: 499px; height: 332px;\" \/> <\/a> <\/div> <div class=\"tiled-gallery-item tiled-gallery-item-large\" itemprop=\"associatedMedia\" itemscope itemtype=\"http:\/\/schema.org\/ImageObject\"> <a href=\"https:\/\/i0.wp.com\/harry-fotos.de\/landscapeandothers\/wp-content\/uploads\/2017\/02\/DSC_8026-e.jpg\" border=\"0\" itemprop=\"url\" rel=\"lightbox[2106]\"> <meta itemprop=\"width\" content=\"499\"> <meta itemprop=\"height\" content=\"333\"> <img data-attachment-id=\"2144\" data-orig-file=\"http:\/\/harry-fotos.de\/landscapeandothers\/wp-content\/uploads\/2017\/02\/DSC_8026-e.jpg\" data-orig-size=\"1600,1067\" data-comments-opened=\"\" data-image-meta=\"{&quot;aperture&quot;:&quot;6.3&quot;,&quot;credit&quot;:&quot;Harald Poller&quot;,&quot;camera&quot;:&quot;NIKON D3S&quot;,&quot;caption&quot;:&quot;&quot;,&quot;created_timestamp&quot;:&quot;1487522830&quot;,&quot;copyright&quot;:&quot;Harald Poller&quot;,&quot;focal_length&quot;:&quot;400&quot;,&quot;iso&quot;:&quot;1600&quot;,&quot;shutter_speed&quot;:&quot;0.008&quot;,&quot;title&quot;:&quot;&quot;,&quot;orientation&quot;:&quot;1&quot;}\" data-image-title=\"DSC_8026-e\" data-image-description=\"\" data-medium-file=\"https:\/\/i0.wp.com\/harry-fotos.de\/landscapeandothers\/wp-content\/uploads\/2017\/02\/DSC_8026-e.jpg?fit=300%2C200\" data-large-file=\"https:\/\/i0.wp.com\/harry-fotos.de\/landscapeandothers\/wp-content\/uploads\/2017\/02\/DSC_8026-e.jpg?fit=953%2C636\" src=\"https:\/\/i0.wp.com\/harry-fotos.de\/landscapeandothers\/wp-content\/uploads\/2017\/02\/DSC_8026-e.jpg?w=499&#038;h=333\" width=\"499\" height=\"333\" data-original-width=\"499\" data-original-height=\"333\" itemprop=\"http:\/\/schema.org\/image\" title=\"DSC_8026-e\" alt=\"DSC_8026-e\" style=\"width: 499px; height: 333px;\" \/> <\/a> <\/div> <\/div> <!-- close group --> <div class=\"gallery-group images-1\" style=\"width: 450px; height: 673px;\" data-original-width=\"450\" data-original-height=\"673\" > <div class=\"tiled-gallery-item tiled-gallery-item-large\" itemprop=\"associatedMedia\" itemscope itemtype=\"http:\/\/schema.org\/ImageObject\"> <a href=\"https:\/\/i0.wp.com\/harry-fotos.de\/landscapeandothers\/wp-content\/uploads\/2017\/02\/DSC_8052-e.jpg\" border=\"0\" itemprop=\"url\" rel=\"lightbox[2106]\"> <meta itemprop=\"width\" content=\"446\"> <meta itemprop=\"height\" content=\"669\"> <img data-attachment-id=\"2145\" data-orig-file=\"http:\/\/harry-fotos.de\/landscapeandothers\/wp-content\/uploads\/2017\/02\/DSC_8052-e.jpg\" data-orig-size=\"1067,1600\" data-comments-opened=\"\" data-image-meta=\"{&quot;aperture&quot;:&quot;6.3&quot;,&quot;credit&quot;:&quot;Harald Poller&quot;,&quot;camera&quot;:&quot;NIKON D3S&quot;,&quot;caption&quot;:&quot;&quot;,&quot;created_timestamp&quot;:&quot;1487523414&quot;,&quot;copyright&quot;:&quot;Harald Poller&quot;,&quot;focal_length&quot;:&quot;400&quot;,&quot;iso&quot;:&quot;1600&quot;,&quot;shutter_speed&quot;:&quot;0.004&quot;,&quot;title&quot;:&quot;&quot;,&quot;orientation&quot;:&quot;1&quot;}\" data-image-title=\"DSC_8052-e\" data-image-description=\"\" data-medium-file=\"https:\/\/i0.wp.com\/harry-fotos.de\/landscapeandothers\/wp-content\/uploads\/2017\/02\/DSC_8052-e.jpg?fit=200%2C300\" data-large-file=\"https:\/\/i0.wp.com\/harry-fotos.de\/landscapeandothers\/wp-content\/uploads\/2017\/02\/DSC_8052-e.jpg?fit=683%2C1024\" src=\"https:\/\/i0.wp.com\/harry-fotos.de\/landscapeandothers\/wp-content\/uploads\/2017\/02\/DSC_8052-e.jpg?w=446&#038;h=669\" width=\"446\" height=\"669\" data-original-width=\"446\" data-original-height=\"669\" itemprop=\"http:\/\/schema.org\/image\" title=\"DSC_8052-e\" alt=\"DSC_8052-e\" style=\"width: 446px; height: 669px;\" \/> <\/a> <\/div> <\/div> <!-- close group --> <\/div> <!-- close row --> <div class=\"gallery-row\" style=\"width: 953px; height: 358px;\" data-original-width=\"953\" data-original-height=\"358\" > <div class=\"gallery-group images-1\" style=\"width: 240px; height: 358px;\" data-original-width=\"240\" data-original-height=\"358\" > <div class=\"tiled-gallery-item tiled-gallery-item-small\" itemprop=\"associatedMedia\" itemscope itemtype=\"http:\/\/schema.org\/ImageObject\"> <a href=\"https:\/\/i1.wp.com\/harry-fotos.de\/landscapeandothers\/wp-content\/uploads\/2017\/02\/DSC_8054-e.jpg\" border=\"0\" itemprop=\"url\" rel=\"lightbox[2106]\"> <meta itemprop=\"width\" content=\"236\"> <meta itemprop=\"height\" content=\"354\"> <img data-attachment-id=\"2146\" data-orig-file=\"http:\/\/harry-fotos.de\/landscapeandothers\/wp-content\/uploads\/2017\/02\/DSC_8054-e.jpg\" data-orig-size=\"1067,1600\" data-comments-opened=\"\" data-image-meta=\"{&quot;aperture&quot;:&quot;6.3&quot;,&quot;credit&quot;:&quot;Harald Poller&quot;,&quot;camera&quot;:&quot;NIKON D3S&quot;,&quot;caption&quot;:&quot;&quot;,&quot;created_timestamp&quot;:&quot;1487523417&quot;,&quot;copyright&quot;:&quot;Harald Poller&quot;,&quot;focal_length&quot;:&quot;400&quot;,&quot;iso&quot;:&quot;1600&quot;,&quot;shutter_speed&quot;:&quot;0.004&quot;,&quot;title&quot;:&quot;&quot;,&quot;orientation&quot;:&quot;1&quot;}\" data-image-title=\"DSC_8054-e\" data-image-description=\"\" data-medium-file=\"https:\/\/i1.wp.com\/harry-fotos.de\/landscapeandothers\/wp-content\/uploads\/2017\/02\/DSC_8054-e.jpg?fit=200%2C300\" data-large-file=\"https:\/\/i1.wp.com\/harry-fotos.de\/landscapeandothers\/wp-content\/uploads\/2017\/02\/DSC_8054-e.jpg?fit=683%2C1024\" src=\"https:\/\/i1.wp.com\/harry-fotos.de\/landscapeandothers\/wp-content\/uploads\/2017\/02\/DSC_8054-e.jpg?w=236&#038;h=354\" width=\"236\" height=\"354\" data-original-width=\"236\" data-original-height=\"354\" itemprop=\"http:\/\/schema.org\/image\" title=\"DSC_8054-e\" alt=\"DSC_8054-e\" style=\"width: 236px; height: 354px;\" \/> <\/a> <\/div> <\/div> <!-- close group --> <div class=\"gallery-group images-1\" style=\"width: 713px; height: 358px;\" data-original-width=\"713\" data-original-height=\"358\" > <div class=\"tiled-gallery-item tiled-gallery-item-large\" itemprop=\"associatedMedia\" itemscope itemtype=\"http:\/\/schema.org\/ImageObject\"> <a href=\"https:\/\/i2.wp.com\/harry-fotos.de\/landscapeandothers\/wp-content\/uploads\/2017\/02\/DSC_8114-e.jpg\" border=\"0\" itemprop=\"url\" rel=\"lightbox[2106]\"> <meta itemprop=\"width\" content=\"709\"> <meta itemprop=\"height\" content=\"354\"> <img data-attachment-id=\"2147\" data-orig-file=\"http:\/\/harry-fotos.de\/landscapeandothers\/wp-content\/uploads\/2017\/02\/DSC_8114-e.jpg\" data-orig-size=\"1600,800\" data-comments-opened=\"\" data-image-meta=\"{&quot;aperture&quot;:&quot;6.3&quot;,&quot;credit&quot;:&quot;Harald Poller&quot;,&quot;camera&quot;:&quot;NIKON D3S&quot;,&quot;caption&quot;:&quot;&quot;,&quot;created_timestamp&quot;:&quot;1487523508&quot;,&quot;copyright&quot;:&quot;Harald Poller&quot;,&quot;focal_length&quot;:&quot;400&quot;,&quot;iso&quot;:&quot;1600&quot;,&quot;shutter_speed&quot;:&quot;0.005&quot;,&quot;title&quot;:&quot;&quot;,&quot;orientation&quot;:&quot;1&quot;}\" data-image-title=\"DSC_8114-e\" data-image-description=\"\" data-medium-file=\"https:\/\/i2.wp.com\/harry-fotos.de\/landscapeandothers\/wp-content\/uploads\/2017\/02\/DSC_8114-e.jpg?fit=300%2C150\" data-large-file=\"https:\/\/i2.wp.com\/harry-fotos.de\/landscapeandothers\/wp-content\/uploads\/2017\/02\/DSC_8114-e.jpg?fit=953%2C477\" src=\"https:\/\/i2.wp.com\/harry-fotos.de\/landscapeandothers\/wp-content\/uploads\/2017\/02\/DSC_8114-e.jpg?w=709&#038;h=354\" width=\"709\" height=\"354\" data-original-width=\"709\" data-original-height=\"354\" itemprop=\"http:\/\/schema.org\/image\" title=\"DSC_8114-e\" alt=\"DSC_8114-e\" style=\"width: 709px; height: 354px;\" \/> <\/a> <\/div> <\/div> <!-- close group --> <\/div> <!-- close row --> <div class=\"gallery-row\" style=\"width: 953px; height: 213px;\" data-original-width=\"953\" data-original-height=\"213\" > <div class=\"gallery-group images-1\" style=\"width: 318px; height: 213px;\" data-original-width=\"318\" data-original-height=\"213\" > <div class=\"tiled-gallery-item tiled-gallery-item-large\" itemprop=\"associatedMedia\" itemscope itemtype=\"http:\/\/schema.org\/ImageObject\"> <a href=\"https:\/\/i2.wp.com\/harry-fotos.de\/landscapeandothers\/wp-content\/uploads\/2017\/02\/DSC_8125-e.jpg\" border=\"0\" itemprop=\"url\" rel=\"lightbox[2106]\"> <meta itemprop=\"width\" content=\"314\"> <meta itemprop=\"height\" content=\"209\"> <img data-attachment-id=\"2148\" data-orig-file=\"http:\/\/harry-fotos.de\/landscapeandothers\/wp-content\/uploads\/2017\/02\/DSC_8125-e.jpg\" data-orig-size=\"1600,1065\" data-comments-opened=\"\" data-image-meta=\"{&quot;aperture&quot;:&quot;6.3&quot;,&quot;credit&quot;:&quot;Harald Poller&quot;,&quot;camera&quot;:&quot;NIKON D3S&quot;,&quot;caption&quot;:&quot;&quot;,&quot;created_timestamp&quot;:&quot;1487523776&quot;,&quot;copyright&quot;:&quot;Harald Poller&quot;,&quot;focal_length&quot;:&quot;220&quot;,&quot;iso&quot;:&quot;1600&quot;,&quot;shutter_speed&quot;:&quot;0.00625&quot;,&quot;title&quot;:&quot;&quot;,&quot;orientation&quot;:&quot;1&quot;}\" data-image-title=\"DSC_8125-e\" data-image-description=\"\" data-medium-file=\"https:\/\/i2.wp.com\/harry-fotos.de\/landscapeandothers\/wp-content\/uploads\/2017\/02\/DSC_8125-e.jpg?fit=300%2C200\" data-large-file=\"https:\/\/i2.wp.com\/harry-fotos.de\/landscapeandothers\/wp-content\/uploads\/2017\/02\/DSC_8125-e.jpg?fit=953%2C635\" src=\"https:\/\/i2.wp.com\/harry-fotos.de\/landscapeandothers\/wp-content\/uploads\/2017\/02\/DSC_8125-e.jpg?w=314&#038;h=209\" width=\"314\" height=\"209\" data-original-width=\"314\" data-original-height=\"209\" itemprop=\"http:\/\/schema.org\/image\" title=\"DSC_8125-e\" alt=\"DSC_8125-e\" style=\"width: 314px; height: 209px;\" \/> <\/a> <\/div> <\/div> <!-- close group --> <div class=\"gallery-group images-1\" style=\"width: 318px; height: 213px;\" data-original-width=\"318\" data-original-height=\"213\" > <div class=\"tiled-gallery-item tiled-gallery-item-large\" itemprop=\"associatedMedia\" itemscope itemtype=\"http:\/\/schema.org\/ImageObject\"> <a href=\"https:\/\/i0.wp.com\/harry-fotos.de\/landscapeandothers\/wp-content\/uploads\/2017\/02\/DSC_8127-e.jpg\" border=\"0\" itemprop=\"url\" rel=\"lightbox[2106]\"> <meta itemprop=\"width\" content=\"314\"> <meta itemprop=\"height\" content=\"209\"> <img data-attachment-id=\"2149\" data-orig-file=\"http:\/\/harry-fotos.de\/landscapeandothers\/wp-content\/uploads\/2017\/02\/DSC_8127-e.jpg\" data-orig-size=\"1600,1065\" data-comments-opened=\"\" data-image-meta=\"{&quot;aperture&quot;:&quot;6.3&quot;,&quot;credit&quot;:&quot;Harald Poller&quot;,&quot;camera&quot;:&quot;NIKON D3S&quot;,&quot;caption&quot;:&quot;&quot;,&quot;created_timestamp&quot;:&quot;1487523885&quot;,&quot;copyright&quot;:&quot;Harald Poller&quot;,&quot;focal_length&quot;:&quot;140&quot;,&quot;iso&quot;:&quot;1600&quot;,&quot;shutter_speed&quot;:&quot;0.001&quot;,&quot;title&quot;:&quot;&quot;,&quot;orientation&quot;:&quot;1&quot;}\" data-image-title=\"DSC_8127-e\" data-image-description=\"\" data-medium-file=\"https:\/\/i0.wp.com\/harry-fotos.de\/landscapeandothers\/wp-content\/uploads\/2017\/02\/DSC_8127-e.jpg?fit=300%2C200\" data-large-file=\"https:\/\/i0.wp.com\/harry-fotos.de\/landscapeandothers\/wp-content\/uploads\/2017\/02\/DSC_8127-e.jpg?fit=953%2C635\" src=\"https:\/\/i0.wp.com\/harry-fotos.de\/landscapeandothers\/wp-content\/uploads\/2017\/02\/DSC_8127-e.jpg?w=314&#038;h=209\" width=\"314\" height=\"209\" data-original-width=\"314\" data-original-height=\"209\" itemprop=\"http:\/\/schema.org\/image\" title=\"DSC_8127-e\" alt=\"DSC_8127-e\" style=\"width: 314px; height: 209px;\" \/> <\/a> <\/div> <\/div> <!-- close group --> <div class=\"gallery-group images-1\" style=\"width: 317px; height: 213px;\" data-original-width=\"317\" data-original-height=\"213\" > <div class=\"tiled-gallery-item tiled-gallery-item-large\" itemprop=\"associatedMedia\" itemscope itemtype=\"http:\/\/schema.org\/ImageObject\"> <a href=\"https:\/\/i1.wp.com\/harry-fotos.de\/landscapeandothers\/wp-content\/uploads\/2017\/02\/DSC_8140-e.jpg\" border=\"0\" itemprop=\"url\" rel=\"lightbox[2106]\"> <meta itemprop=\"width\" content=\"313\"> <meta itemprop=\"height\" content=\"209\"> <img data-attachment-id=\"2150\" data-orig-file=\"http:\/\/harry-fotos.de\/landscapeandothers\/wp-content\/uploads\/2017\/02\/DSC_8140-e.jpg\" data-orig-size=\"1600,1065\" data-comments-opened=\"\" data-image-meta=\"{&quot;aperture&quot;:&quot;5.6&quot;,&quot;credit&quot;:&quot;Harald Poller&quot;,&quot;camera&quot;:&quot;NIKON D3S&quot;,&quot;caption&quot;:&quot;&quot;,&quot;created_timestamp&quot;:&quot;1487523938&quot;,&quot;copyright&quot;:&quot;Harald Poller&quot;,&quot;focal_length&quot;:&quot;400&quot;,&quot;iso&quot;:&quot;1600&quot;,&quot;shutter_speed&quot;:&quot;0.005&quot;,&quot;title&quot;:&quot;&quot;,&quot;orientation&quot;:&quot;1&quot;}\" data-image-title=\"DSC_8140-e\" data-image-description=\"\" data-medium-file=\"https:\/\/i1.wp.com\/harry-fotos.de\/landscapeandothers\/wp-content\/uploads\/2017\/02\/DSC_8140-e.jpg?fit=300%2C200\" data-large-file=\"https:\/\/i1.wp.com\/harry-fotos.de\/landscapeandothers\/wp-content\/uploads\/2017\/02\/DSC_8140-e.jpg?fit=953%2C635\" src=\"https:\/\/i1.wp.com\/harry-fotos.de\/landscapeandothers\/wp-content\/uploads\/2017\/02\/DSC_8140-e.jpg?w=313&#038;h=209\" width=\"313\" height=\"209\" data-original-width=\"313\" data-original-height=\"209\" itemprop=\"http:\/\/schema.org\/image\" title=\"DSC_8140-e\" alt=\"DSC_8140-e\" style=\"width: 313px; height: 209px;\" \/> <\/a> <\/div> <\/div> <!-- close group --> <\/div> <!-- close row --> <div class=\"gallery-row\" style=\"width: 953px; height: 425px;\" data-original-width=\"953\" data-original-height=\"425\" > <div class=\"gallery-group images-1\" style=\"width: 636px; height: 425px;\" data-original-width=\"636\" data-original-height=\"425\" > <div class=\"tiled-gallery-item tiled-gallery-item-large\" itemprop=\"associatedMedia\" itemscope itemtype=\"http:\/\/schema.org\/ImageObject\"> <a href=\"https:\/\/i2.wp.com\/harry-fotos.de\/landscapeandothers\/wp-content\/uploads\/2017\/02\/DSC_8156-e.jpg\" border=\"0\" itemprop=\"url\" rel=\"lightbox[2106]\"> <meta itemprop=\"width\" content=\"632\"> <meta itemprop=\"height\" content=\"421\"> <img data-attachment-id=\"2151\" data-orig-file=\"http:\/\/harry-fotos.de\/landscapeandothers\/wp-content\/uploads\/2017\/02\/DSC_8156-e.jpg\" data-orig-size=\"1600,1065\" data-comments-opened=\"\" data-image-meta=\"{&quot;aperture&quot;:&quot;5.6&quot;,&quot;credit&quot;:&quot;Harald Poller&quot;,&quot;camera&quot;:&quot;NIKON D3S&quot;,&quot;caption&quot;:&quot;&quot;,&quot;created_timestamp&quot;:&quot;1487524044&quot;,&quot;copyright&quot;:&quot;Harald Poller&quot;,&quot;focal_length&quot;:&quot;210&quot;,&quot;iso&quot;:&quot;1600&quot;,&quot;shutter_speed&quot;:&quot;0.00125&quot;,&quot;title&quot;:&quot;&quot;,&quot;orientation&quot;:&quot;1&quot;}\" data-image-title=\"DSC_8156-e\" data-image-description=\"\" data-medium-file=\"https:\/\/i2.wp.com\/harry-fotos.de\/landscapeandothers\/wp-content\/uploads\/2017\/02\/DSC_8156-e.jpg?fit=300%2C200\" data-large-file=\"https:\/\/i2.wp.com\/harry-fotos.de\/landscapeandothers\/wp-content\/uploads\/2017\/02\/DSC_8156-e.jpg?fit=953%2C635\" src=\"https:\/\/i2.wp.com\/harry-fotos.de\/landscapeandothers\/wp-content\/uploads\/2017\/02\/DSC_8156-e.jpg?w=632&#038;h=421\" width=\"632\" height=\"421\" data-original-width=\"632\" data-original-height=\"421\" itemprop=\"http:\/\/schema.org\/image\" title=\"DSC_8156-e\" alt=\"DSC_8156-e\" style=\"width: 632px; height: 421px;\" \/> <\/a> <\/div> <\/div> <!-- close group --> <div class=\"gallery-group images-2\" style=\"width: 317px; height: 425px;\" data-original-width=\"317\" data-original-height=\"425\" > <div class=\"tiled-gallery-item tiled-gallery-item-large\" itemprop=\"associatedMedia\" itemscope itemtype=\"http:\/\/schema.org\/ImageObject\"> <a href=\"https:\/\/i0.wp.com\/harry-fotos.de\/landscapeandothers\/wp-content\/uploads\/2017\/02\/DSC_8172-e.jpg\" border=\"0\" itemprop=\"url\" rel=\"lightbox[2106]\"> <meta itemprop=\"width\" content=\"313\"> <meta itemprop=\"height\" content=\"209\"> <img data-attachment-id=\"2152\" data-orig-file=\"http:\/\/harry-fotos.de\/landscapeandothers\/wp-content\/uploads\/2017\/02\/DSC_8172-e.jpg\" data-orig-size=\"1600,1066\" data-comments-opened=\"\" data-image-meta=\"{&quot;aperture&quot;:&quot;5.6&quot;,&quot;credit&quot;:&quot;Harald Poller&quot;,&quot;camera&quot;:&quot;NIKON D3S&quot;,&quot;caption&quot;:&quot;&quot;,&quot;created_timestamp&quot;:&quot;1487524111&quot;,&quot;copyright&quot;:&quot;Harald Poller&quot;,&quot;focal_length&quot;:&quot;400&quot;,&quot;iso&quot;:&quot;1600&quot;,&quot;shutter_speed&quot;:&quot;0.0008&quot;,&quot;title&quot;:&quot;&quot;,&quot;orientation&quot;:&quot;1&quot;}\" data-image-title=\"DSC_8172-e\" data-image-description=\"\" data-medium-file=\"https:\/\/i0.wp.com\/harry-fotos.de\/landscapeandothers\/wp-content\/uploads\/2017\/02\/DSC_8172-e.jpg?fit=300%2C200\" data-large-file=\"https:\/\/i0.wp.com\/harry-fotos.de\/landscapeandothers\/wp-content\/uploads\/2017\/02\/DSC_8172-e.jpg?fit=953%2C635\" src=\"https:\/\/i0.wp.com\/harry-fotos.de\/landscapeandothers\/wp-content\/uploads\/2017\/02\/DSC_8172-e.jpg?w=313&#038;h=209\" width=\"313\" height=\"209\" data-original-width=\"313\" data-original-height=\"209\" itemprop=\"http:\/\/schema.org\/image\" title=\"DSC_8172-e\" alt=\"DSC_8172-e\" style=\"width: 313px; height: 209px;\" \/> <\/a> <\/div> <div class=\"tiled-gallery-item tiled-gallery-item-large\" itemprop=\"associatedMedia\" itemscope itemtype=\"http:\/\/schema.org\/ImageObject\"> <a href=\"https:\/\/i1.wp.com\/harry-fotos.de\/landscapeandothers\/wp-content\/uploads\/2017\/02\/DSC_8187-e.jpg\" border=\"0\" itemprop=\"url\" rel=\"lightbox[2106]\"> <meta itemprop=\"width\" content=\"313\"> <meta itemprop=\"height\" content=\"208\"> <img data-attachment-id=\"2153\" data-orig-file=\"http:\/\/harry-fotos.de\/landscapeandothers\/wp-content\/uploads\/2017\/02\/DSC_8187-e.jpg\" data-orig-size=\"1600,1065\" data-comments-opened=\"\" data-image-meta=\"{&quot;aperture&quot;:&quot;2.8&quot;,&quot;credit&quot;:&quot;Harald Poller&quot;,&quot;camera&quot;:&quot;NIKON D3S&quot;,&quot;caption&quot;:&quot;&quot;,&quot;created_timestamp&quot;:&quot;1487524660&quot;,&quot;copyright&quot;:&quot;Harald Poller&quot;,&quot;focal_length&quot;:&quot;70&quot;,&quot;iso&quot;:&quot;3200&quot;,&quot;shutter_speed&quot;:&quot;0.008&quot;,&quot;title&quot;:&quot;&quot;,&quot;orientation&quot;:&quot;1&quot;}\" data-image-title=\"DSC_8187-e\" data-image-description=\"\" data-medium-file=\"https:\/\/i1.wp.com\/harry-fotos.de\/landscapeandothers\/wp-content\/uploads\/2017\/02\/DSC_8187-e.jpg?fit=300%2C200\" data-large-file=\"https:\/\/i1.wp.com\/harry-fotos.de\/landscapeandothers\/wp-content\/uploads\/2017\/02\/DSC_8187-e.jpg?fit=953%2C635\" src=\"https:\/\/i1.wp.com\/harry-fotos.de\/landscapeandothers\/wp-content\/uploads\/2017\/02\/DSC_8187-e.jpg?w=313&#038;h=208\" width=\"313\" height=\"208\" data-original-width=\"313\" data-original-height=\"208\" itemprop=\"http:\/\/schema.org\/image\" title=\"DSC_8187-e\" alt=\"DSC_8187-e\" style=\"width: 313px; height: 208px;\" \/> <\/a> <\/div> <\/div> <!-- close group --> <\/div> <!-- close row --> <div class=\"gallery-row\" style=\"width: 953px; height: 479px;\" data-original-width=\"953\" data-original-height=\"479\" > <div class=\"gallery-group images-1\" style=\"width: 953px; height: 479px;\" data-original-width=\"953\" data-original-height=\"479\" > <div class=\"tiled-gallery-item tiled-gallery-item-large\" itemprop=\"associatedMedia\" itemscope itemtype=\"http:\/\/schema.org\/ImageObject\"> <a href=\"https:\/\/i1.wp.com\/harry-fotos.de\/landscapeandothers\/wp-content\/uploads\/2017\/02\/DSC_8203-e.jpg\" border=\"0\" itemprop=\"url\" rel=\"lightbox[2106]\"> <meta itemprop=\"width\" content=\"949\"> <meta itemprop=\"height\" content=\"475\"> <img data-attachment-id=\"2154\" data-orig-file=\"http:\/\/harry-fotos.de\/landscapeandothers\/wp-content\/uploads\/2017\/02\/DSC_8203-e.jpg\" data-orig-size=\"1600,800\" data-comments-opened=\"\" data-image-meta=\"{&quot;aperture&quot;:&quot;2.8&quot;,&quot;credit&quot;:&quot;Harald Poller&quot;,&quot;camera&quot;:&quot;NIKON D3S&quot;,&quot;caption&quot;:&quot;&quot;,&quot;created_timestamp&quot;:&quot;1487524719&quot;,&quot;copyright&quot;:&quot;Harald Poller&quot;,&quot;focal_length&quot;:&quot;70&quot;,&quot;iso&quot;:&quot;3200&quot;,&quot;shutter_speed&quot;:&quot;0.02&quot;,&quot;title&quot;:&quot;&quot;,&quot;orientation&quot;:&quot;1&quot;}\" data-image-title=\"DSC_8203-e\" data-image-description=\"\" data-medium-file=\"https:\/\/i1.wp.com\/harry-fotos.de\/landscapeandothers\/wp-content\/uploads\/2017\/02\/DSC_8203-e.jpg?fit=300%2C150\" data-large-file=\"https:\/\/i1.wp.com\/harry-fotos.de\/landscapeandothers\/wp-content\/uploads\/2017\/02\/DSC_8203-e.jpg?fit=953%2C477\" src=\"https:\/\/i1.wp.com\/harry-fotos.de\/landscapeandothers\/wp-content\/uploads\/2017\/02\/DSC_8203-e.jpg?w=949&#038;h=475\" width=\"949\" height=\"475\" data-original-width=\"949\" data-original-height=\"475\" itemprop=\"http:\/\/schema.org\/image\" title=\"DSC_8203-e\" alt=\"DSC_8203-e\" style=\"width: 949px; height: 475px;\" \/> <\/a> <\/div> <\/div> <!-- close group --> <\/div> <!-- close row --> <div class=\"gallery-row\" style=\"width: 953px; height: 319px;\" data-original-width=\"953\" data-original-height=\"319\" > <div class=\"gallery-group images-1\" style=\"width: 477px; height: 319px;\" data-original-width=\"477\" data-original-height=\"319\" > <div class=\"tiled-gallery-item tiled-gallery-item-large\" itemprop=\"associatedMedia\" itemscope itemtype=\"http:\/\/schema.org\/ImageObject\"> <a href=\"https:\/\/i0.wp.com\/harry-fotos.de\/landscapeandothers\/wp-content\/uploads\/2017\/02\/DSC_8234-e.jpg\" border=\"0\" itemprop=\"url\" rel=\"lightbox[2106]\"> <meta itemprop=\"width\" content=\"473\"> <meta itemprop=\"height\" content=\"315\"> <img data-attachment-id=\"2155\" data-orig-file=\"http:\/\/harry-fotos.de\/landscapeandothers\/wp-content\/uploads\/2017\/02\/DSC_8234-e.jpg\" data-orig-size=\"1600,1065\" data-comments-opened=\"\" data-image-meta=\"{&quot;aperture&quot;:&quot;2.8&quot;,&quot;credit&quot;:&quot;Harald Poller&quot;,&quot;camera&quot;:&quot;NIKON D3S&quot;,&quot;caption&quot;:&quot;&quot;,&quot;created_timestamp&quot;:&quot;1487525177&quot;,&quot;copyright&quot;:&quot;Harald Poller&quot;,&quot;focal_length&quot;:&quot;70&quot;,&quot;iso&quot;:&quot;3200&quot;,&quot;shutter_speed&quot;:&quot;0.0166666666667&quot;,&quot;title&quot;:&quot;&quot;,&quot;orientation&quot;:&quot;1&quot;}\" data-image-title=\"DSC_8234-e\" data-image-description=\"\" data-medium-file=\"https:\/\/i0.wp.com\/harry-fotos.de\/landscapeandothers\/wp-content\/uploads\/2017\/02\/DSC_8234-e.jpg?fit=300%2C200\" data-large-file=\"https:\/\/i0.wp.com\/harry-fotos.de\/landscapeandothers\/wp-content\/uploads\/2017\/02\/DSC_8234-e.jpg?fit=953%2C635\" src=\"https:\/\/i0.wp.com\/harry-fotos.de\/landscapeandothers\/wp-content\/uploads\/2017\/02\/DSC_8234-e.jpg?w=473&#038;h=315\" width=\"473\" height=\"315\" data-original-width=\"473\" data-original-height=\"315\" itemprop=\"http:\/\/schema.org\/image\" title=\"DSC_8234-e\" alt=\"DSC_8234-e\" style=\"width: 473px; height: 315px;\" \/> <\/a> <\/div> <\/div> <!-- close group --> <div class=\"gallery-group images-1\" style=\"width: 476px; height: 319px;\" data-original-width=\"476\" data-original-height=\"319\" > <div class=\"tiled-gallery-item tiled-gallery-item-large\" itemprop=\"associatedMedia\" itemscope itemtype=\"http:\/\/schema.org\/ImageObject\"> <a href=\"https:\/\/i0.wp.com\/harry-fotos.de\/landscapeandothers\/wp-content\/uploads\/2017\/02\/DSC_8242-e.jpg\" border=\"0\" itemprop=\"url\" rel=\"lightbox[2106]\"> <meta itemprop=\"width\" content=\"472\"> <meta itemprop=\"height\" content=\"315\"> <img data-attachment-id=\"2156\" data-orig-file=\"http:\/\/harry-fotos.de\/landscapeandothers\/wp-content\/uploads\/2017\/02\/DSC_8242-e.jpg\" data-orig-size=\"1600,1065\" data-comments-opened=\"\" data-image-meta=\"{&quot;aperture&quot;:&quot;2.8&quot;,&quot;credit&quot;:&quot;Harald Poller&quot;,&quot;camera&quot;:&quot;NIKON D3S&quot;,&quot;caption&quot;:&quot;&quot;,&quot;created_timestamp&quot;:&quot;1487525310&quot;,&quot;copyright&quot;:&quot;Harald Poller&quot;,&quot;focal_length&quot;:&quot;70&quot;,&quot;iso&quot;:&quot;3200&quot;,&quot;shutter_speed&quot;:&quot;0.002&quot;,&quot;title&quot;:&quot;&quot;,&quot;orientation&quot;:&quot;1&quot;}\" data-image-title=\"DSC_8242-e\" data-image-description=\"\" data-medium-file=\"https:\/\/i0.wp.com\/harry-fotos.de\/landscapeandothers\/wp-content\/uploads\/2017\/02\/DSC_8242-e.jpg?fit=300%2C200\" data-large-file=\"https:\/\/i0.wp.com\/harry-fotos.de\/landscapeandothers\/wp-content\/uploads\/2017\/02\/DSC_8242-e.jpg?fit=953%2C635\" src=\"https:\/\/i0.wp.com\/harry-fotos.de\/landscapeandothers\/wp-content\/uploads\/2017\/02\/DSC_8242-e.jpg?w=472&#038;h=315\" width=\"472\" height=\"315\" data-original-width=\"472\" data-original-height=\"315\" itemprop=\"http:\/\/schema.org\/image\" title=\"DSC_8242-e\" alt=\"DSC_8242-e\" style=\"width: 472px; height: 315px;\" \/> <\/a> <\/div> <\/div> <!-- close group --> <\/div> <!-- close row --> <\/div><\/p>\n","protected":false},"excerpt":{"rendered":"<p>Bei strahlendem Sonnenschein mal im Tierpark Hellabrunn (M\u00fcnchen) gewesen. Es war zwar richtig [&hellip;]<\/p>\n","protected":false},"author":1,"featured_media":2121,"comment_status":"closed","ping_status":"open","sticky":false,"template":"","format":"standard","meta":{"spay_email":"","jetpack_publicize_message":"","jetpack_is_tweetstorm":false,"jetpack_publicize_feature_enabled":true},"categories":[9,10],"tags":[349,348,347,35,317,38,49,58,59,60,350],"jetpack_featured_media_url":"https:\/\/i1.wp.com\/harry-fotos.de\/landscapeandothers\/wp-content\/uploads\/2017\/02\/DSC_7686-e.jpg?fit=1600%2C1067","jetpack_publicize_connections":[],"jetpack_sharing_enabled":true,"jetpack_shortlink":"https:\/\/wp.me\/p7oXcq-xY","jetpack-related-posts":[{"id":68,"url":"http:\/\/harry-fotos.de\/landscapeandothers\/2016\/04\/03\/tierpark-hellabrunn-06-02-2016\/","url_meta":{"origin":2106,"position":0},"title":"Tierpark Hellabrunn 06.02.2016","date":"3. April 2016","format":false,"excerpt":"","rel":"","context":"In &quot;Tiere&quot;","img":{"alt_text":"","src":"https:\/\/i2.wp.com\/harry-fotos.de\/landscapeandothers\/wp-content\/uploads\/2016\/04\/DSC_5954-1-1.jpg?fit=1200%2C799&resize=350%2C200","width":350,"height":200},"classes":[]},{"id":939,"url":"http:\/\/harry-fotos.de\/landscapeandothers\/2016\/04\/26\/tierpark-hellbrunn-20-04-2016\/","url_meta":{"origin":2106,"position":1},"title":"Tierpark Hellbrunn 20.04.2016","date":"26. April 2016","format":false,"excerpt":"Erster Tag daheim und gleich mal ab In Tierpark, wenn's schon so sch\u00f6n Wetter ist! Das erste mal so viele aktive Tiere im Salzburger Tierpark gesehen... W\u00e4hrend ich auf Madeira noch mit der Fujifilm X-M1 unterwegs war, kam daheim die X-E2 an. Also musste sie gleich am ersten Tag daheim\u2026","rel":"","context":"In &quot;Tiere&quot;","img":{"alt_text":"","src":"https:\/\/i1.wp.com\/harry-fotos.de\/landscapeandothers\/wp-content\/uploads\/2016\/04\/DSCF0333.jpg?fit=1200%2C800&resize=350%2C200","width":350,"height":200},"classes":[]},{"id":1882,"url":"http:\/\/harry-fotos.de\/landscapeandothers\/2017\/01\/15\/wildpark-poing-14-01-2017\/","url_meta":{"origin":2106,"position":2},"title":"Wildpark Poing 14.01.2017","date":"15. Januar 2017","format":false,"excerpt":"Anfangs war's ziemlich bew\u00f6lkt, aber am Nachmittag kam sogar mal die Sonne raus. Die Tiere waren sch\u00f6n aktiv und haben sich nicht st\u00e4ndig irgendwo versteckt. \u00a0","rel":"","context":"In &quot;Tiere&quot;","img":{"alt_text":"","src":"https:\/\/i2.wp.com\/harry-fotos.de\/landscapeandothers\/wp-content\/uploads\/2017\/01\/DSC_5335-e.jpg?fit=1200%2C799&resize=350%2C200","width":350,"height":200},"classes":[]},{"id":3923,"url":"http:\/\/harry-fotos.de\/landscapeandothers\/2021\/06\/26\/urlaub-in-kroatien18-06-bis-23-06-2021\/","url_meta":{"origin":2106,"position":3},"title":"Urlaub in Kroatien18.06. bis 23.06.2021","date":"26. Juni 2021","format":false,"excerpt":"Hei\u00df war's aber endlich mal wieder Urlaub am Meer! War mit meinem Mittelalter-A-Zelt auf dem Campingplatz definitiv nicht \"Normal\". Porec ist eine sch\u00f6ne Stadt, aber um die Sch\u00f6nheit zu sehen, muss man schon etwas von den Hauptstra\u00dfen abweichen.<small>fotografiert mit: Xiaomi Mi 11 Ultra 5Gbearbietet mit: Snapseed<\/small>","rel":"","context":"In &quot;Kroatien&quot;","img":{"alt_text":"","src":"https:\/\/i0.wp.com\/harry-fotos.de\/landscapeandothers\/wp-content\/uploads\/2021\/06\/IMG_20210620_125823-02-kl.jpg?fit=1200%2C675&resize=350%2C200","width":350,"height":200},"classes":[]},{"id":2035,"url":"http:\/\/harry-fotos.de\/landscapeandothers\/2017\/02\/18\/flugwerft-schleissheim-18-02-2017\/","url_meta":{"origin":2106,"position":4},"title":"Flugwerft Schlei\u00dfheim 18.02.2017","date":"18. Februar 2017","format":false,"excerpt":"Da das Wetter nicht so toll war um in den Tierpark zu gehen musste ein Alternativprogramm her. Zum Gl\u00fcck gibt's immer jemand in der Fotogruppe, der einen gute Ideen liefern kann. Sch\u00f6n war's heute in der Flugwerft Schlei\u00dfheim (Aussenstelle von: Deutsches Museum in M\u00fcnchen)! \u00a0","rel":"","context":"In &quot;Luftfahrt&quot;","img":{"alt_text":"","src":"https:\/\/i0.wp.com\/harry-fotos.de\/landscapeandothers\/wp-content\/uploads\/2017\/02\/DSC_7091-e.jpg?fit=1200%2C799&resize=350%2C200","width":350,"height":200},"classes":[]},{"id":3756,"url":"http:\/\/harry-fotos.de\/landscapeandothers\/2020\/11\/15\/wildpark-poing02-06-2020\/","url_meta":{"origin":2106,"position":5},"title":"Wildpark Poing02.06.2020","date":"15. November 2020","format":false,"excerpt":"Ein Sch\u00f6ner Tag im Wildpark Poing.","rel":"","context":"In &quot;NAtur&quot;","img":{"alt_text":"","src":"https:\/\/i1.wp.com\/harry-fotos.de\/landscapeandothers\/wp-content\/uploads\/2020\/11\/DSC_0934.jpg?fit=1024%2C681&resize=350%2C200","width":350,"height":200},"classes":[]}],"jetpack_likes_enabled":true,"_links":{"self":[{"href":"http:\/\/harry-fotos.de\/landscapeandothers\/wp-json\/wp\/v2\/posts\/2106"}],"collection":[{"href":"http:\/\/harry-fotos.de\/landscapeandothers\/wp-json\/wp\/v2\/posts"}],"about":[{"href":"http:\/\/harry-fotos.de\/landscapeandothers\/wp-json\/wp\/v2\/types\/post"}],"author":[{"embeddable":true,"href":"http:\/\/harry-fotos.de\/landscapeandothers\/wp-json\/wp\/v2\/users\/1"}],"replies":[{"embeddable":true,"href":"http:\/\/harry-fotos.de\/landscapeandothers\/wp-json\/wp\/v2\/comments?post=2106"}],"version-history":[{"count":1,"href":"http:\/\/harry-fotos.de\/landscapeandothers\/wp-json\/wp\/v2\/posts\/2106\/revisions"}],"predecessor-version":[{"id":2157,"href":"http:\/\/harry-fotos.de\/landscapeandothers\/wp-json\/wp\/v2\/posts\/2106\/revisions\/2157"}],"wp:featuredmedia":[{"embeddable":true,"href":"http:\/\/harry-fotos.de\/landscapeandothers\/wp-json\/wp\/v2\/media\/2121"}],"wp:attachment":[{"href":"http:\/\/harry-fotos.de\/landscapeandothers\/wp-json\/wp\/v2\/media?parent=2106"}],"wp:term":[{"taxonomy":"category","embeddable":true,"href":"http:\/\/harry-fotos.de\/landscapeandothers\/wp-json\/wp\/v2\/categories?post=2106"},{"taxonomy":"post_tag","embeddable":true,"href":"http:\/\/harry-fotos.de\/landscapeandothers\/wp-json\/wp\/v2\/tags?post=2106"}],"curies":[{"name":"wp","href":"https:\/\/api.w.org\/{rel}","templated":true}]}}